{"id":5826,"date":"2019-09-24T12:41:47","date_gmt":"2019-09-24T18:41:47","guid":{"rendered":"https:\/\/apoderma.com\/inicio\/?p=5826"},"modified":"2021-10-06T15:58:10","modified_gmt":"2021-10-06T21:58:10","slug":"envejecimiento-prematuro","status":"publish","type":"post","link":"https:\/\/apoderma.com\/inicio\/2019\/09\/24\/envejecimiento-prematuro\/","title":{"rendered":"Envejecimiento prematuro"},"content":{"rendered":"<div class=\"wpb-content-wrapper\"><p>[vc_row][vc_column][vc_column_text]<\/p>\n<p>Factores externos como la contaminaci\u00f3n ambiental, la radiaci\u00f3n solar y el humo de cigarrillo favorecen la formaci\u00f3n de radicales libres en nuestro organismo.<\/p>\n<p>El da\u00f1o celular provocado a nivel de nuestra piel se manifiesta como decoloraci\u00f3n, resequedad, p\u00e9rdida de elasticidad y formaci\u00f3n acelerada de arrugas.<\/p>\n<p>Antioxidantes como la vitamina E y vitamina C contrarrestan esta acci\u00f3n, por eso incluye estas vitaminas en tu dieta y en los productos de uso diario para nutrir tu piel y prevenir su deterioro anticipado.<\/p>\n<p>[\/vc_column_text]<div id=\"la_divider69f4ca1b81ea9\" class=\"js-el la-divider la-unit-responsive\" data-la_component=\"UnitResponsive\"  data-el_target='#la_divider69f4ca1b81ea9'  data-el_media_sizes='{&quot;padding-top&quot;:&quot;lg:22px;&quot;}' ><\/div>\n[\/vc_column][\/vc_row]<\/p>\n<\/div>","protected":false},"excerpt":{"rendered":"<p>[vc_row][vc_column][vc_column_text] Factores externos como la contaminaci\u00f3n ambiental, la radiaci\u00f3n solar y el humo de cigarrillo&hellip;<\/p>\n","protected":false},"author":1,"featured_media":5828,"comment_status":"open","ping_status":"open","sticky":false,"template":"","format":"standard","meta":{"_glsr_average":0,"_glsr_ranking":0,"_glsr_reviews":0,"footnotes":""},"categories":[247],"tags":[133],"class_list":["post-5826","post","type-post","status-publish","format-standard","has-post-thumbnail","hentry","category-consejos-para-cuidar-la-piel","tag-envejecimiento"],"yoast_head":"<!-- This site is optimized with the Yoast SEO plugin v25.3.1 - https:\/\/yoast.com\/wordpress\/plugins\/seo\/ -->\n<title>Envejecimiento prematuro - Apo Derma Store<\/title>\n<meta name=\"description\" content=\"Factores que aceleran el da\u00f1o celular y la presencia de signos de envejecimiento de la piel, manifestaciones del envejecimiento prematuro de la piel.\" \/>\n<meta name=\"robots\" content=\"index, follow, max-snippet:-1, max-image-preview:large, max-video-preview:-1\" \/>\n<link rel=\"canonical\" href=\"https:\/\/apoderma.com\/inicio\/2019\/09\/24\/envejecimiento-prematuro\/\" \/>\n<meta property=\"og:locale\" content=\"es_ES\" \/>\n<meta property=\"og:type\" content=\"article\" \/>\n<meta property=\"og:title\" content=\"Envejecimiento prematuro - Apo Derma Store\" \/>\n<meta property=\"og:description\" content=\"Factores que aceleran el da\u00f1o celular y la presencia de signos de envejecimiento de la piel, manifestaciones del envejecimiento prematuro de la piel.\" \/>\n<meta property=\"og:url\" content=\"https:\/\/apoderma.com\/inicio\/2019\/09\/24\/envejecimiento-prematuro\/\" \/>\n<meta property=\"og:site_name\" content=\"Apo Derma Store\" \/>\n<meta property=\"article:published_time\" content=\"2019-09-24T18:41:47+00:00\" \/>\n<meta property=\"article:modified_time\" content=\"2021-10-06T21:58:10+00:00\" \/>\n<meta property=\"og:image\" content=\"https:\/\/apoderma.com\/inicio\/wp-content\/uploads\/2019\/09\/Imagen_1.jpg\" \/>\n\t<meta property=\"og:image:width\" content=\"800\" \/>\n\t<meta property=\"og:image:height\" content=\"388\" \/>\n\t<meta property=\"og:image:type\" content=\"image\/jpeg\" \/>\n<meta name=\"author\" content=\"ccnetcr\" \/>\n<meta name=\"twitter:card\" content=\"summary_large_image\" \/>\n<meta name=\"twitter:label1\" content=\"Escrito por\" \/>\n\t<meta name=\"twitter:data1\" content=\"ccnetcr\" \/>\n\t<meta name=\"twitter:label2\" content=\"Tiempo de lectura\" \/>\n\t<meta name=\"twitter:data2\" content=\"1 minuto\" \/>\n<script type=\"application\/ld+json\" class=\"yoast-schema-graph\">{\"@context\":\"https:\/\/schema.org\",\"@graph\":[{\"@type\":\"WebPage\",\"@id\":\"https:\/\/apoderma.com\/inicio\/2019\/09\/24\/envejecimiento-prematuro\/\",\"url\":\"https:\/\/apoderma.com\/inicio\/2019\/09\/24\/envejecimiento-prematuro\/\",\"name\":\"Envejecimiento prematuro - Apo Derma Store\",\"isPartOf\":{\"@id\":\"https:\/\/apoderma.com\/inicio\/#website\"},\"primaryImageOfPage\":{\"@id\":\"https:\/\/apoderma.com\/inicio\/2019\/09\/24\/envejecimiento-prematuro\/#primaryimage\"},\"image\":{\"@id\":\"https:\/\/apoderma.com\/inicio\/2019\/09\/24\/envejecimiento-prematuro\/#primaryimage\"},\"thumbnailUrl\":\"https:\/\/apoderma.com\/inicio\/wp-content\/uploads\/2019\/09\/Imagen_1.jpg\",\"datePublished\":\"2019-09-24T18:41:47+00:00\",\"dateModified\":\"2021-10-06T21:58:10+00:00\",\"author\":{\"@id\":\"https:\/\/apoderma.com\/inicio\/#\/schema\/person\/d2b949ca040c558f52aaf9912d98da5c\"},\"description\":\"Factores que aceleran el da\u00f1o celular y la presencia de signos de envejecimiento de la piel, manifestaciones del envejecimiento prematuro de la piel.\",\"breadcrumb\":{\"@id\":\"https:\/\/apoderma.com\/inicio\/2019\/09\/24\/envejecimiento-prematuro\/#breadcrumb\"},\"inLanguage\":\"es\",\"potentialAction\":[{\"@type\":\"ReadAction\",\"target\":[\"https:\/\/apoderma.com\/inicio\/2019\/09\/24\/envejecimiento-prematuro\/\"]}]},{\"@type\":\"ImageObject\",\"inLanguage\":\"es\",\"@id\":\"https:\/\/apoderma.com\/inicio\/2019\/09\/24\/envejecimiento-prematuro\/#primaryimage\",\"url\":\"https:\/\/apoderma.com\/inicio\/wp-content\/uploads\/2019\/09\/Imagen_1.jpg\",\"contentUrl\":\"https:\/\/apoderma.com\/inicio\/wp-content\/uploads\/2019\/09\/Imagen_1.jpg\",\"width\":800,\"height\":388},{\"@type\":\"BreadcrumbList\",\"@id\":\"https:\/\/apoderma.com\/inicio\/2019\/09\/24\/envejecimiento-prematuro\/#breadcrumb\",\"itemListElement\":[{\"@type\":\"ListItem\",\"position\":1,\"name\":\"Portada\",\"item\":\"https:\/\/apoderma.com\/inicio\/\"},{\"@type\":\"ListItem\",\"position\":2,\"name\":\"Envejecimiento prematuro\"}]},{\"@type\":\"WebSite\",\"@id\":\"https:\/\/apoderma.com\/inicio\/#website\",\"url\":\"https:\/\/apoderma.com\/inicio\/\",\"name\":\"Apo Derma Store\",\"description\":\"Venta de productos cosm\u00e9ticos\",\"potentialAction\":[{\"@type\":\"SearchAction\",\"target\":{\"@type\":\"EntryPoint\",\"urlTemplate\":\"https:\/\/apoderma.com\/inicio\/?s={search_term_string}\"},\"query-input\":{\"@type\":\"PropertyValueSpecification\",\"valueRequired\":true,\"valueName\":\"search_term_string\"}}],\"inLanguage\":\"es\"},{\"@type\":\"Person\",\"@id\":\"https:\/\/apoderma.com\/inicio\/#\/schema\/person\/d2b949ca040c558f52aaf9912d98da5c\",\"name\":\"ccnetcr\",\"image\":{\"@type\":\"ImageObject\",\"inLanguage\":\"es\",\"@id\":\"https:\/\/apoderma.com\/inicio\/#\/schema\/person\/image\/\",\"url\":\"https:\/\/secure.gravatar.com\/avatar\/e6de1e9560819993c02192f18061e09548babf191f78fdf26e4f727431a45ad9?s=96&d=mm&r=g\",\"contentUrl\":\"https:\/\/secure.gravatar.com\/avatar\/e6de1e9560819993c02192f18061e09548babf191f78fdf26e4f727431a45ad9?s=96&d=mm&r=g\",\"caption\":\"ccnetcr\"},\"url\":\"https:\/\/apoderma.com\/inicio\/author\/ccnetcr\/\"}]}<\/script>\n<!-- \/ Yoast SEO plugin. -->","yoast_head_json":{"title":"Envejecimiento prematuro - Apo Derma Store","description":"Factores que aceleran el da\u00f1o celular y la presencia de signos de envejecimiento de la piel, manifestaciones del envejecimiento prematuro de la piel.","robots":{"index":"index","follow":"follow","max-snippet":"max-snippet:-1","max-image-preview":"max-image-preview:large","max-video-preview":"max-video-preview:-1"},"canonical":"https:\/\/apoderma.com\/inicio\/2019\/09\/24\/envejecimiento-prematuro\/","og_locale":"es_ES","og_type":"article","og_title":"Envejecimiento prematuro - Apo Derma Store","og_description":"Factores que aceleran el da\u00f1o celular y la presencia de signos de envejecimiento de la piel, manifestaciones del envejecimiento prematuro de la piel.","og_url":"https:\/\/apoderma.com\/inicio\/2019\/09\/24\/envejecimiento-prematuro\/","og_site_name":"Apo Derma Store","article_published_time":"2019-09-24T18:41:47+00:00","article_modified_time":"2021-10-06T21:58:10+00:00","og_image":[{"width":800,"height":388,"url":"https:\/\/apoderma.com\/inicio\/wp-content\/uploads\/2019\/09\/Imagen_1.jpg","type":"image\/jpeg"}],"author":"ccnetcr","twitter_card":"summary_large_image","twitter_misc":{"Escrito por":"ccnetcr","Tiempo de lectura":"1 minuto"},"schema":{"@context":"https:\/\/schema.org","@graph":[{"@type":"WebPage","@id":"https:\/\/apoderma.com\/inicio\/2019\/09\/24\/envejecimiento-prematuro\/","url":"https:\/\/apoderma.com\/inicio\/2019\/09\/24\/envejecimiento-prematuro\/","name":"Envejecimiento prematuro - Apo Derma Store","isPartOf":{"@id":"https:\/\/apoderma.com\/inicio\/#website"},"primaryImageOfPage":{"@id":"https:\/\/apoderma.com\/inicio\/2019\/09\/24\/envejecimiento-prematuro\/#primaryimage"},"image":{"@id":"https:\/\/apoderma.com\/inicio\/2019\/09\/24\/envejecimiento-prematuro\/#primaryimage"},"thumbnailUrl":"https:\/\/apoderma.com\/inicio\/wp-content\/uploads\/2019\/09\/Imagen_1.jpg","datePublished":"2019-09-24T18:41:47+00:00","dateModified":"2021-10-06T21:58:10+00:00","author":{"@id":"https:\/\/apoderma.com\/inicio\/#\/schema\/person\/d2b949ca040c558f52aaf9912d98da5c"},"description":"Factores que aceleran el da\u00f1o celular y la presencia de signos de envejecimiento de la piel, manifestaciones del envejecimiento prematuro de la piel.","breadcrumb":{"@id":"https:\/\/apoderma.com\/inicio\/2019\/09\/24\/envejecimiento-prematuro\/#breadcrumb"},"inLanguage":"es","potentialAction":[{"@type":"ReadAction","target":["https:\/\/apoderma.com\/inicio\/2019\/09\/24\/envejecimiento-prematuro\/"]}]},{"@type":"ImageObject","inLanguage":"es","@id":"https:\/\/apoderma.com\/inicio\/2019\/09\/24\/envejecimiento-prematuro\/#primaryimage","url":"https:\/\/apoderma.com\/inicio\/wp-content\/uploads\/2019\/09\/Imagen_1.jpg","contentUrl":"https:\/\/apoderma.com\/inicio\/wp-content\/uploads\/2019\/09\/Imagen_1.jpg","width":800,"height":388},{"@type":"BreadcrumbList","@id":"https:\/\/apoderma.com\/inicio\/2019\/09\/24\/envejecimiento-prematuro\/#breadcrumb","itemListElement":[{"@type":"ListItem","position":1,"name":"Portada","item":"https:\/\/apoderma.com\/inicio\/"},{"@type":"ListItem","position":2,"name":"Envejecimiento prematuro"}]},{"@type":"WebSite","@id":"https:\/\/apoderma.com\/inicio\/#website","url":"https:\/\/apoderma.com\/inicio\/","name":"Apo Derma Store","description":"Venta de productos cosm\u00e9ticos","potentialAction":[{"@type":"SearchAction","target":{"@type":"EntryPoint","urlTemplate":"https:\/\/apoderma.com\/inicio\/?s={search_term_string}"},"query-input":{"@type":"PropertyValueSpecification","valueRequired":true,"valueName":"search_term_string"}}],"inLanguage":"es"},{"@type":"Person","@id":"https:\/\/apoderma.com\/inicio\/#\/schema\/person\/d2b949ca040c558f52aaf9912d98da5c","name":"ccnetcr","image":{"@type":"ImageObject","inLanguage":"es","@id":"https:\/\/apoderma.com\/inicio\/#\/schema\/person\/image\/","url":"https:\/\/secure.gravatar.com\/avatar\/e6de1e9560819993c02192f18061e09548babf191f78fdf26e4f727431a45ad9?s=96&d=mm&r=g","contentUrl":"https:\/\/secure.gravatar.com\/avatar\/e6de1e9560819993c02192f18061e09548babf191f78fdf26e4f727431a45ad9?s=96&d=mm&r=g","caption":"ccnetcr"},"url":"https:\/\/apoderma.com\/inicio\/author\/ccnetcr\/"}]}},"_links":{"self":[{"href":"https:\/\/apoderma.com\/inicio\/wp-json\/wp\/v2\/posts\/5826","targetHints":{"allow":["GET"]}}],"collection":[{"href":"https:\/\/apoderma.com\/inicio\/wp-json\/wp\/v2\/posts"}],"about":[{"href":"https:\/\/apoderma.com\/inicio\/wp-json\/wp\/v2\/types\/post"}],"author":[{"embeddable":true,"href":"https:\/\/apoderma.com\/inicio\/wp-json\/wp\/v2\/users\/1"}],"replies":[{"embeddable":true,"href":"https:\/\/apoderma.com\/inicio\/wp-json\/wp\/v2\/comments?post=5826"}],"version-history":[{"count":0,"href":"https:\/\/apoderma.com\/inicio\/wp-json\/wp\/v2\/posts\/5826\/revisions"}],"wp:featuredmedia":[{"embeddable":true,"href":"https:\/\/apoderma.com\/inicio\/wp-json\/wp\/v2\/media\/5828"}],"wp:attachment":[{"href":"https:\/\/apoderma.com\/inicio\/wp-json\/wp\/v2\/media?parent=5826"}],"wp:term":[{"taxonomy":"category","embeddable":true,"href":"https:\/\/apoderma.com\/inicio\/wp-json\/wp\/v2\/categories?post=5826"},{"taxonomy":"post_tag","embeddable":true,"href":"https:\/\/apoderma.com\/inicio\/wp-json\/wp\/v2\/tags?post=5826"}],"curies":[{"name":"wp","href":"https:\/\/api.w.org\/{rel}","templated":true}]}}