{"id":39880,"date":"2025-08-11T19:06:33","date_gmt":"2025-08-12T01:06:33","guid":{"rendered":"https:\/\/apoderma.com\/inicio\/?p=39880"},"modified":"2026-04-01T09:33:27","modified_gmt":"2026-04-01T15:33:27","slug":"dermocosmetica-sostenible","status":"publish","type":"post","link":"https:\/\/apoderma.com\/inicio\/2025\/08\/11\/dermocosmetica-sostenible\/","title":{"rendered":"Dermocosm\u00e9tica Sostenible"},"content":{"rendered":"<div class=\"wpb-content-wrapper\"><p>[vc_row][vc_column][vc_column_text css=\u00bb\u00bb]<\/p>\n<div class=\"\" data-block=\"true\" data-editor=\"1k0am\" data-offset-key=\"f1e3o-0-0\">\n<div class=\"_1mf _1mj\" data-offset-key=\"f1e3o-0-0\">\n<div class=\"kvgmc6g5 cxmmr5t8 oygrvhab hcukyx3x c1et5uql ii04i59q\">\n<div dir=\"auto\">\n<div class=\"\" data-block=\"true\" data-editor=\"1k0am\" data-offset-key=\"f1e3o-0-0\">\n<div class=\"_1mf _1mj\" data-offset-key=\"f1e3o-0-0\">\n<div class=\"kvgmc6g5 cxmmr5t8 oygrvhab hcukyx3x c1et5uql ii04i59q\">\n<p dir=\"auto\">En <strong><span style=\"color: #721081;\">ApoDerma<\/span><\/strong> creemos que la piel merece mucho m\u00e1s que cosm\u00e9tica: merece ciencia, respeto por la naturaleza y resultados reales.<\/p>\n<p>Nuestra misi\u00f3n nos ha llevado hasta las majestuosas <span style=\"color: #721081;\"><strong>monta\u00f1as de Costa Rica<\/strong><\/span>, donde la naturaleza nos brinda un tesoro \u00fanico: el <strong><span style=\"color: #721081;\">Aguacate de piel verde<\/span>.<\/strong> Una fruta originaria de Centroam\u00e9rica, rica en propiedades <span style=\"color: #721081;\"><strong>hidratantes<\/strong><\/span>, <span style=\"color: #721081;\"><strong>emolientes<\/strong> <\/span>y <span style=\"color: #721081;\"><strong>antioxidantes<\/strong><\/span>, capaz de cuidar y proteger la piel.<\/p>\n<p>En <strong><span style=\"color: #721081;\">ApoDerma, <\/span><\/strong>transformamos este regalo de la naturaleza en materias primas y productos terminados, liderando la industria dermocosm\u00e9tica sostenible en Costa Rica.<\/p>\n<p dir=\"auto\">Por eso, hoy te invitamos a descubrir el coraz\u00f3n de nuestra propuesta en un nuevo video que revela el proceso completo de elaboraci\u00f3n de nuestra gama <a href=\"https:\/\/apoderma.com\/inicio\/avocari\/\"><span style=\"color: #60268b;\"><strong>Avocari\u00ae<\/strong><\/span><\/a>, desde la finca experimental en Costa Rica, nuestro compromiso con la sostenibilidad y los controles para asegurar la calidad en cada etapa de ciclo de vida de los productos.<\/p>\n<p>Este recorrido no solo muestra c\u00f3mo nace <a href=\"https:\/\/apoderma.com\/inicio\/avocari\/\"><span style=\"color: #60268b;\"><strong>Avocari\u00ae<\/strong><\/span><\/a>, sino tambi\u00e9n por qu\u00e9 es diferente: cada paso est\u00e1 guiado por la ciencia, la sostenibilidad y el bienestar de quienes conf\u00edan en nosotros.<\/p>\n<p><span style=\"color: #721081;\"><strong>Combinamos ciencia y naturaleza<\/strong> <\/span>para desarrollar productos funcionales y sostenibles, que cuidan tu piel y contribuyen a un futuro mejor para nuestro planeta.<\/p>\n<div dir=\"auto\">\n<div class=\"\" data-block=\"true\" data-editor=\"eeect\" data-offset-key=\"eu23h-0-0\">\n<div class=\"_1mf _1mj\" data-offset-key=\"eu23h-0-0\">\n<p>Mira el video completo <a href=\"https:\/\/youtu.be\/SeS5tzus9ko?si=GJCzbldbB20MKDcA\"><b style=\"color: #60268b;\">AQU\u00cd<\/b>\u00a0<\/a>y acomp\u00e1\u00f1anos en este viaje transformador<\/p>\n<\/div>\n<\/div>\n<\/div>\n<\/div>\n<\/div>\n<\/div>\n<\/div>\n<\/div>\n<\/div>\n<\/div>\n<p>[\/vc_column_text]<div id=\"la_divider69ef6bc79eebf\" class=\"js-el la-divider la-unit-responsive\" data-la_component=\"UnitResponsive\"  data-el_target='#la_divider69ef6bc79eebf'  data-el_media_sizes='{&quot;padding-top&quot;:&quot;lg:22px;&quot;}' ><\/div>\n[\/vc_column][\/vc_row]<\/p>\n<\/div>","protected":false},"excerpt":{"rendered":"<p>En ApoDerma creemos que la piel merece mucho m\u00e1s que cosm\u00e9tica: merece ciencia, respeto por&hellip;<\/p>\n","protected":false},"author":12,"featured_media":39969,"comment_status":"open","ping_status":"open","sticky":false,"template":"","format":"video","meta":{"_glsr_average":0,"_glsr_ranking":0,"_glsr_reviews":0,"footnotes":""},"categories":[249],"tags":[373,259],"class_list":["post-39880","post","type-post","status-publish","format-video","has-post-thumbnail","hentry","category-tendencias-de-la-industria","tag-sostenibilidad","tag-tendencias","post_format-post-format-video"],"yoast_head":"<!-- This site is optimized with the Yoast SEO plugin v25.3.1 - https:\/\/yoast.com\/wordpress\/plugins\/seo\/ -->\n<title>Dermocosm\u00e9tica Sostenible - Apo Derma Store<\/title>\n<meta name=\"description\" content=\"En ApoDerma hemos creado Avocari, la primera gama dermocosm\u00e9tica sostenible para piel seca hecha a partir de Aguacates de Costa Rica\" \/>\n<meta name=\"robots\" content=\"index, follow, max-snippet:-1, max-image-preview:large, max-video-preview:-1\" \/>\n<link rel=\"canonical\" href=\"https:\/\/apoderma.com\/inicio\/2025\/08\/11\/dermocosmetica-sostenible\/\" \/>\n<meta property=\"og:locale\" content=\"es_ES\" \/>\n<meta property=\"og:type\" content=\"article\" \/>\n<meta property=\"og:title\" content=\"Dermocosm\u00e9tica Sostenible - Apo Derma Store\" \/>\n<meta property=\"og:description\" content=\"En ApoDerma hemos creado Avocari, la primera gama dermocosm\u00e9tica sostenible para piel seca hecha a partir de Aguacates de Costa Rica\" \/>\n<meta property=\"og:url\" content=\"https:\/\/apoderma.com\/inicio\/2025\/08\/11\/dermocosmetica-sostenible\/\" \/>\n<meta property=\"og:site_name\" content=\"Apo Derma Store\" \/>\n<meta property=\"article:published_time\" content=\"2025-08-12T01:06:33+00:00\" \/>\n<meta property=\"article:modified_time\" content=\"2026-04-01T15:33:27+00:00\" \/>\n<meta property=\"og:image\" content=\"https:\/\/apoderma.com\/inicio\/wp-content\/uploads\/2025\/08\/Entrada-al-blog-Dermocosmetica-Sostenible.png\" \/>\n\t<meta property=\"og:image:width\" content=\"1200\" \/>\n\t<meta property=\"og:image:height\" content=\"674\" \/>\n\t<meta property=\"og:image:type\" content=\"image\/png\" \/>\n<meta name=\"author\" content=\"Cristina Prado Chinchilla\" \/>\n<meta name=\"twitter:card\" content=\"summary_large_image\" \/>\n<meta name=\"twitter:label1\" content=\"Escrito por\" \/>\n\t<meta name=\"twitter:data1\" content=\"Cristina Prado Chinchilla\" \/>\n\t<meta name=\"twitter:label2\" content=\"Tiempo de lectura\" \/>\n\t<meta name=\"twitter:data2\" content=\"2 minutos\" \/>\n<script type=\"application\/ld+json\" class=\"yoast-schema-graph\">{\"@context\":\"https:\/\/schema.org\",\"@graph\":[{\"@type\":\"WebPage\",\"@id\":\"https:\/\/apoderma.com\/inicio\/2025\/08\/11\/dermocosmetica-sostenible\/\",\"url\":\"https:\/\/apoderma.com\/inicio\/2025\/08\/11\/dermocosmetica-sostenible\/\",\"name\":\"Dermocosm\u00e9tica Sostenible - Apo Derma Store\",\"isPartOf\":{\"@id\":\"https:\/\/apoderma.com\/inicio\/#website\"},\"primaryImageOfPage\":{\"@id\":\"https:\/\/apoderma.com\/inicio\/2025\/08\/11\/dermocosmetica-sostenible\/#primaryimage\"},\"image\":{\"@id\":\"https:\/\/apoderma.com\/inicio\/2025\/08\/11\/dermocosmetica-sostenible\/#primaryimage\"},\"thumbnailUrl\":\"https:\/\/apoderma.com\/inicio\/wp-content\/uploads\/2025\/08\/Entrada-al-blog-Dermocosmetica-Sostenible.png\",\"datePublished\":\"2025-08-12T01:06:33+00:00\",\"dateModified\":\"2026-04-01T15:33:27+00:00\",\"author\":{\"@id\":\"https:\/\/apoderma.com\/inicio\/#\/schema\/person\/231395f2a875f388aa375500bf3a2ca9\"},\"description\":\"En ApoDerma hemos creado Avocari, la primera gama dermocosm\u00e9tica sostenible para piel seca hecha a partir de Aguacates de Costa Rica\",\"breadcrumb\":{\"@id\":\"https:\/\/apoderma.com\/inicio\/2025\/08\/11\/dermocosmetica-sostenible\/#breadcrumb\"},\"inLanguage\":\"es\",\"potentialAction\":[{\"@type\":\"ReadAction\",\"target\":[\"https:\/\/apoderma.com\/inicio\/2025\/08\/11\/dermocosmetica-sostenible\/\"]}]},{\"@type\":\"ImageObject\",\"inLanguage\":\"es\",\"@id\":\"https:\/\/apoderma.com\/inicio\/2025\/08\/11\/dermocosmetica-sostenible\/#primaryimage\",\"url\":\"https:\/\/apoderma.com\/inicio\/wp-content\/uploads\/2025\/08\/Entrada-al-blog-Dermocosmetica-Sostenible.png\",\"contentUrl\":\"https:\/\/apoderma.com\/inicio\/wp-content\/uploads\/2025\/08\/Entrada-al-blog-Dermocosmetica-Sostenible.png\",\"width\":1200,\"height\":674,\"caption\":\"Dermocosm\u00e9tica sostenible\"},{\"@type\":\"BreadcrumbList\",\"@id\":\"https:\/\/apoderma.com\/inicio\/2025\/08\/11\/dermocosmetica-sostenible\/#breadcrumb\",\"itemListElement\":[{\"@type\":\"ListItem\",\"position\":1,\"name\":\"Portada\",\"item\":\"https:\/\/apoderma.com\/inicio\/\"},{\"@type\":\"ListItem\",\"position\":2,\"name\":\"Dermocosm\u00e9tica Sostenible\"}]},{\"@type\":\"WebSite\",\"@id\":\"https:\/\/apoderma.com\/inicio\/#website\",\"url\":\"https:\/\/apoderma.com\/inicio\/\",\"name\":\"Apo Derma Store\",\"description\":\"Venta de productos cosm\u00e9ticos\",\"potentialAction\":[{\"@type\":\"SearchAction\",\"target\":{\"@type\":\"EntryPoint\",\"urlTemplate\":\"https:\/\/apoderma.com\/inicio\/?s={search_term_string}\"},\"query-input\":{\"@type\":\"PropertyValueSpecification\",\"valueRequired\":true,\"valueName\":\"search_term_string\"}}],\"inLanguage\":\"es\"},{\"@type\":\"Person\",\"@id\":\"https:\/\/apoderma.com\/inicio\/#\/schema\/person\/231395f2a875f388aa375500bf3a2ca9\",\"name\":\"Cristina Prado Chinchilla\",\"image\":{\"@type\":\"ImageObject\",\"inLanguage\":\"es\",\"@id\":\"https:\/\/apoderma.com\/inicio\/#\/schema\/person\/image\/\",\"url\":\"https:\/\/secure.gravatar.com\/avatar\/ca39c36795aabda6606ba9598a72a06c70889db65f5489c85dd3e044d62db85e?s=96&d=mm&r=g\",\"contentUrl\":\"https:\/\/secure.gravatar.com\/avatar\/ca39c36795aabda6606ba9598a72a06c70889db65f5489c85dd3e044d62db85e?s=96&d=mm&r=g\",\"caption\":\"Cristina Prado Chinchilla\"},\"url\":\"https:\/\/apoderma.com\/inicio\/author\/cprado\/\"}]}<\/script>\n<!-- \/ Yoast SEO plugin. -->","yoast_head_json":{"title":"Dermocosm\u00e9tica Sostenible - Apo Derma Store","description":"En ApoDerma hemos creado Avocari, la primera gama dermocosm\u00e9tica sostenible para piel seca hecha a partir de Aguacates de Costa Rica","robots":{"index":"index","follow":"follow","max-snippet":"max-snippet:-1","max-image-preview":"max-image-preview:large","max-video-preview":"max-video-preview:-1"},"canonical":"https:\/\/apoderma.com\/inicio\/2025\/08\/11\/dermocosmetica-sostenible\/","og_locale":"es_ES","og_type":"article","og_title":"Dermocosm\u00e9tica Sostenible - Apo Derma Store","og_description":"En ApoDerma hemos creado Avocari, la primera gama dermocosm\u00e9tica sostenible para piel seca hecha a partir de Aguacates de Costa Rica","og_url":"https:\/\/apoderma.com\/inicio\/2025\/08\/11\/dermocosmetica-sostenible\/","og_site_name":"Apo Derma Store","article_published_time":"2025-08-12T01:06:33+00:00","article_modified_time":"2026-04-01T15:33:27+00:00","og_image":[{"width":1200,"height":674,"url":"https:\/\/apoderma.com\/inicio\/wp-content\/uploads\/2025\/08\/Entrada-al-blog-Dermocosmetica-Sostenible.png","type":"image\/png"}],"author":"Cristina Prado Chinchilla","twitter_card":"summary_large_image","twitter_misc":{"Escrito por":"Cristina Prado Chinchilla","Tiempo de lectura":"2 minutos"},"schema":{"@context":"https:\/\/schema.org","@graph":[{"@type":"WebPage","@id":"https:\/\/apoderma.com\/inicio\/2025\/08\/11\/dermocosmetica-sostenible\/","url":"https:\/\/apoderma.com\/inicio\/2025\/08\/11\/dermocosmetica-sostenible\/","name":"Dermocosm\u00e9tica Sostenible - Apo Derma Store","isPartOf":{"@id":"https:\/\/apoderma.com\/inicio\/#website"},"primaryImageOfPage":{"@id":"https:\/\/apoderma.com\/inicio\/2025\/08\/11\/dermocosmetica-sostenible\/#primaryimage"},"image":{"@id":"https:\/\/apoderma.com\/inicio\/2025\/08\/11\/dermocosmetica-sostenible\/#primaryimage"},"thumbnailUrl":"https:\/\/apoderma.com\/inicio\/wp-content\/uploads\/2025\/08\/Entrada-al-blog-Dermocosmetica-Sostenible.png","datePublished":"2025-08-12T01:06:33+00:00","dateModified":"2026-04-01T15:33:27+00:00","author":{"@id":"https:\/\/apoderma.com\/inicio\/#\/schema\/person\/231395f2a875f388aa375500bf3a2ca9"},"description":"En ApoDerma hemos creado Avocari, la primera gama dermocosm\u00e9tica sostenible para piel seca hecha a partir de Aguacates de Costa Rica","breadcrumb":{"@id":"https:\/\/apoderma.com\/inicio\/2025\/08\/11\/dermocosmetica-sostenible\/#breadcrumb"},"inLanguage":"es","potentialAction":[{"@type":"ReadAction","target":["https:\/\/apoderma.com\/inicio\/2025\/08\/11\/dermocosmetica-sostenible\/"]}]},{"@type":"ImageObject","inLanguage":"es","@id":"https:\/\/apoderma.com\/inicio\/2025\/08\/11\/dermocosmetica-sostenible\/#primaryimage","url":"https:\/\/apoderma.com\/inicio\/wp-content\/uploads\/2025\/08\/Entrada-al-blog-Dermocosmetica-Sostenible.png","contentUrl":"https:\/\/apoderma.com\/inicio\/wp-content\/uploads\/2025\/08\/Entrada-al-blog-Dermocosmetica-Sostenible.png","width":1200,"height":674,"caption":"Dermocosm\u00e9tica sostenible"},{"@type":"BreadcrumbList","@id":"https:\/\/apoderma.com\/inicio\/2025\/08\/11\/dermocosmetica-sostenible\/#breadcrumb","itemListElement":[{"@type":"ListItem","position":1,"name":"Portada","item":"https:\/\/apoderma.com\/inicio\/"},{"@type":"ListItem","position":2,"name":"Dermocosm\u00e9tica Sostenible"}]},{"@type":"WebSite","@id":"https:\/\/apoderma.com\/inicio\/#website","url":"https:\/\/apoderma.com\/inicio\/","name":"Apo Derma Store","description":"Venta de productos cosm\u00e9ticos","potentialAction":[{"@type":"SearchAction","target":{"@type":"EntryPoint","urlTemplate":"https:\/\/apoderma.com\/inicio\/?s={search_term_string}"},"query-input":{"@type":"PropertyValueSpecification","valueRequired":true,"valueName":"search_term_string"}}],"inLanguage":"es"},{"@type":"Person","@id":"https:\/\/apoderma.com\/inicio\/#\/schema\/person\/231395f2a875f388aa375500bf3a2ca9","name":"Cristina Prado Chinchilla","image":{"@type":"ImageObject","inLanguage":"es","@id":"https:\/\/apoderma.com\/inicio\/#\/schema\/person\/image\/","url":"https:\/\/secure.gravatar.com\/avatar\/ca39c36795aabda6606ba9598a72a06c70889db65f5489c85dd3e044d62db85e?s=96&d=mm&r=g","contentUrl":"https:\/\/secure.gravatar.com\/avatar\/ca39c36795aabda6606ba9598a72a06c70889db65f5489c85dd3e044d62db85e?s=96&d=mm&r=g","caption":"Cristina Prado Chinchilla"},"url":"https:\/\/apoderma.com\/inicio\/author\/cprado\/"}]}},"_links":{"self":[{"href":"https:\/\/apoderma.com\/inicio\/wp-json\/wp\/v2\/posts\/39880","targetHints":{"allow":["GET"]}}],"collection":[{"href":"https:\/\/apoderma.com\/inicio\/wp-json\/wp\/v2\/posts"}],"about":[{"href":"https:\/\/apoderma.com\/inicio\/wp-json\/wp\/v2\/types\/post"}],"author":[{"embeddable":true,"href":"https:\/\/apoderma.com\/inicio\/wp-json\/wp\/v2\/users\/12"}],"replies":[{"embeddable":true,"href":"https:\/\/apoderma.com\/inicio\/wp-json\/wp\/v2\/comments?post=39880"}],"version-history":[{"count":7,"href":"https:\/\/apoderma.com\/inicio\/wp-json\/wp\/v2\/posts\/39880\/revisions"}],"predecessor-version":[{"id":39887,"href":"https:\/\/apoderma.com\/inicio\/wp-json\/wp\/v2\/posts\/39880\/revisions\/39887"}],"wp:featuredmedia":[{"embeddable":true,"href":"https:\/\/apoderma.com\/inicio\/wp-json\/wp\/v2\/media\/39969"}],"wp:attachment":[{"href":"https:\/\/apoderma.com\/inicio\/wp-json\/wp\/v2\/media?parent=39880"}],"wp:term":[{"taxonomy":"category","embeddable":true,"href":"https:\/\/apoderma.com\/inicio\/wp-json\/wp\/v2\/categories?post=39880"},{"taxonomy":"post_tag","embeddable":true,"href":"https:\/\/apoderma.com\/inicio\/wp-json\/wp\/v2\/tags?post=39880"}],"curies":[{"name":"wp","href":"https:\/\/api.w.org\/{rel}","templated":true}]}}