{"id":39780,"date":"2025-04-01T18:03:32","date_gmt":"2025-04-02T00:03:32","guid":{"rendered":"https:\/\/apoderma.com\/inicio\/?p=39780"},"modified":"2025-04-01T18:03:32","modified_gmt":"2025-04-02T00:03:32","slug":"expocomer-2025","status":"publish","type":"post","link":"https:\/\/apoderma.com\/inicio\/2025\/04\/01\/expocomer-2025\/","title":{"rendered":"Expocomer 2025"},"content":{"rendered":"<div class=\"wpb-content-wrapper\"><p>[vc_row][vc_column][vc_column_text]<\/p>\n<div class=\"\" data-block=\"true\" data-editor=\"1k0am\" data-offset-key=\"f1e3o-0-0\">\n<div class=\"_1mf _1mj\" data-offset-key=\"f1e3o-0-0\">\n<div class=\"kvgmc6g5 cxmmr5t8 oygrvhab hcukyx3x c1et5uql ii04i59q\">\n<div dir=\"auto\">\n<div class=\"\" data-block=\"true\" data-editor=\"1k0am\" data-offset-key=\"f1e3o-0-0\">\n<div class=\"_1mf _1mj\" data-offset-key=\"f1e3o-0-0\">\n<div class=\"kvgmc6g5 cxmmr5t8 oygrvhab hcukyx3x c1et5uql ii04i59q\">\n<p dir=\"auto\">Este a\u00f1o ApoDerma ha sido parte de la Expocomer 2025, la feria multisectorial m\u00e1s grande de Centroam\u00e9rica que cada a\u00f1o se lleva a cabo en ciudad de Panam\u00e1.<\/p>\n<p dir=\"auto\">Nuestra participaci\u00f3n ha sido gracias al apoyo de la Promotora de Comercio Exterior de Costa Rica <a href=\"https:\/\/www.procomer.com\/\">(PROCOMER)<\/a> y a la C\u00e1mara de Comercio de Costa Rica.<\/p>\n<p>Este evento reuni\u00f3 a m\u00e1s de 30 pa\u00edses con ofertas en diferentes segmentos, incluido el de Salud y Bienestar con productos cosm\u00e9ticos, medicamentos y suplementos a la dieta.<\/p>\n<p>Los productos de la gama <a href=\"https:\/\/apoderma.com\/inicio\/avocari\/\"><span style=\"color: #60268b;\"><strong>Avocari\u00ae<\/strong><\/span><\/a> estuvieron presentes en el Pabell\u00f3n oficial de Costa Rica, donde los asistentes disfrutaron del sensorial de esta gama.<\/p>\n<p>Dentro de la oferta de productos cosm\u00e9ticos de las marcas participantes, destac\u00f3 la tendencia de productos con ingredientes naturales, cosm\u00e9tica vegana, sostenibilidad y atenci\u00f3n personalizada.<\/p>\n<div dir=\"auto\">\n<div class=\"\" data-block=\"true\" data-editor=\"eeect\" data-offset-key=\"eu23h-0-0\">\n<div class=\"_1mf _1mj\" data-offset-key=\"eu23h-0-0\">\n<p>Esta misi\u00f3n comercial es el inicio de la estrategia de internacionalizaci\u00f3n de la marca <strong><span style=\"color: #60268b;\">Avocari\u00ae<\/span><\/strong> y la expansi\u00f3n de nuestros servicios especializados en dermocosm\u00e9tica.<\/p>\n<p>Como parte de nuestra participaci\u00f3n tuvimos la oportunidad de brindar una entrevista a la revista digital <strong><em><a href=\"https:\/\/youtu.be\/OAolN8Azx8A?si=X3C55V7vtWwqNO-V\">Entre Comillas Magazine<\/a>, <\/em><\/strong>\u00a0donde conversamos sobre el cuidado de la piel en climas extremos. Adem\u00e1s compartimos la funcionalidad de nuestra gama <strong><span style=\"color: #60268b;\">Avocari\u00ae<\/span><\/strong> para el cuidado de la piel seca y extremadamente seca en este tipo de clima<\/p>\n<p>Puedes ver la entrevista completa mediante el link abajo.<\/p>\n<p><a href=\"https:\/\/youtu.be\/OAolN8Azx8A?si=X3C55V7vtWwqNO-V\"><span style=\"color: #60268b;\"><strong>Link a entrevista completa<\/strong><\/span><\/a><\/p>\n<\/div>\n<\/div>\n<\/div>\n<\/div>\n<\/div>\n<\/div>\n<\/div>\n<\/div>\n<\/div>\n<\/div>\n<p>[\/vc_column_text]<div id=\"la_divider69ef839078e2c\" class=\"js-el la-divider la-unit-responsive\" data-la_component=\"UnitResponsive\"  data-el_target='#la_divider69ef839078e2c'  data-el_media_sizes='{&quot;padding-top&quot;:&quot;lg:22px;&quot;}' ><\/div>\n[\/vc_column][\/vc_row]<\/p>\n<\/div>","protected":false},"excerpt":{"rendered":"<p>ApoDerma ha sido parte de Expocomer 2025 con la gama Avocari\u00ae.<\/p>\n","protected":false},"author":12,"featured_media":39782,"comment_status":"open","ping_status":"open","sticky":false,"template":"","format":"video","meta":{"_glsr_average":0,"_glsr_ranking":0,"_glsr_reviews":0,"footnotes":""},"categories":[249],"tags":[373,259],"class_list":["post-39780","post","type-post","status-publish","format-video","has-post-thumbnail","hentry","category-tendencias-de-la-industria","tag-sostenibilidad","tag-tendencias","post_format-post-format-video"],"yoast_head":"<!-- This site is optimized with the Yoast SEO plugin v25.3.1 - https:\/\/yoast.com\/wordpress\/plugins\/seo\/ -->\n<title>Expocomer 2025 - Apo Derma Store<\/title>\n<meta name=\"description\" content=\"Expocomer es la feria multisectorial m\u00e1s grande de centroam\u00e9rica y tiene lugar en cuidad de Panam\u00e1, este a\u00f1o ApoDerma ha estado presente.\" \/>\n<meta name=\"robots\" content=\"index, follow, max-snippet:-1, max-image-preview:large, max-video-preview:-1\" \/>\n<link rel=\"canonical\" href=\"https:\/\/apoderma.com\/inicio\/2025\/04\/01\/expocomer-2025\/\" \/>\n<meta property=\"og:locale\" content=\"es_ES\" \/>\n<meta property=\"og:type\" content=\"article\" \/>\n<meta property=\"og:title\" content=\"Expocomer 2025 - Apo Derma Store\" \/>\n<meta property=\"og:description\" content=\"Expocomer es la feria multisectorial m\u00e1s grande de centroam\u00e9rica y tiene lugar en cuidad de Panam\u00e1, este a\u00f1o ApoDerma ha estado presente.\" \/>\n<meta property=\"og:url\" content=\"https:\/\/apoderma.com\/inicio\/2025\/04\/01\/expocomer-2025\/\" \/>\n<meta property=\"og:site_name\" content=\"Apo Derma Store\" \/>\n<meta property=\"article:published_time\" content=\"2025-04-02T00:03:32+00:00\" \/>\n<meta property=\"og:image\" content=\"https:\/\/apoderma.com\/inicio\/wp-content\/uploads\/2025\/04\/Entrevista_dra_cristinaprado.jpg\" \/>\n\t<meta property=\"og:image:width\" content=\"1074\" \/>\n\t<meta property=\"og:image:height\" content=\"595\" \/>\n\t<meta property=\"og:image:type\" content=\"image\/jpeg\" \/>\n<meta name=\"author\" content=\"Cristina Prado Chinchilla\" \/>\n<meta name=\"twitter:card\" content=\"summary_large_image\" \/>\n<meta name=\"twitter:label1\" content=\"Escrito por\" \/>\n\t<meta name=\"twitter:data1\" content=\"Cristina Prado Chinchilla\" \/>\n\t<meta name=\"twitter:label2\" content=\"Tiempo de lectura\" \/>\n\t<meta name=\"twitter:data2\" content=\"2 minutos\" \/>\n<script type=\"application\/ld+json\" class=\"yoast-schema-graph\">{\"@context\":\"https:\/\/schema.org\",\"@graph\":[{\"@type\":\"WebPage\",\"@id\":\"https:\/\/apoderma.com\/inicio\/2025\/04\/01\/expocomer-2025\/\",\"url\":\"https:\/\/apoderma.com\/inicio\/2025\/04\/01\/expocomer-2025\/\",\"name\":\"Expocomer 2025 - Apo Derma Store\",\"isPartOf\":{\"@id\":\"https:\/\/apoderma.com\/inicio\/#website\"},\"primaryImageOfPage\":{\"@id\":\"https:\/\/apoderma.com\/inicio\/2025\/04\/01\/expocomer-2025\/#primaryimage\"},\"image\":{\"@id\":\"https:\/\/apoderma.com\/inicio\/2025\/04\/01\/expocomer-2025\/#primaryimage\"},\"thumbnailUrl\":\"https:\/\/apoderma.com\/inicio\/wp-content\/uploads\/2025\/04\/Entrevista_dra_cristinaprado.jpg\",\"datePublished\":\"2025-04-02T00:03:32+00:00\",\"author\":{\"@id\":\"https:\/\/apoderma.com\/inicio\/#\/schema\/person\/231395f2a875f388aa375500bf3a2ca9\"},\"description\":\"Expocomer es la feria multisectorial m\u00e1s grande de centroam\u00e9rica y tiene lugar en cuidad de Panam\u00e1, este a\u00f1o ApoDerma ha estado presente.\",\"breadcrumb\":{\"@id\":\"https:\/\/apoderma.com\/inicio\/2025\/04\/01\/expocomer-2025\/#breadcrumb\"},\"inLanguage\":\"es\",\"potentialAction\":[{\"@type\":\"ReadAction\",\"target\":[\"https:\/\/apoderma.com\/inicio\/2025\/04\/01\/expocomer-2025\/\"]}]},{\"@type\":\"ImageObject\",\"inLanguage\":\"es\",\"@id\":\"https:\/\/apoderma.com\/inicio\/2025\/04\/01\/expocomer-2025\/#primaryimage\",\"url\":\"https:\/\/apoderma.com\/inicio\/wp-content\/uploads\/2025\/04\/Entrevista_dra_cristinaprado.jpg\",\"contentUrl\":\"https:\/\/apoderma.com\/inicio\/wp-content\/uploads\/2025\/04\/Entrevista_dra_cristinaprado.jpg\",\"width\":1074,\"height\":595,\"caption\":\"entrevista de la dra cristina prado durante Expocomer 2025\"},{\"@type\":\"BreadcrumbList\",\"@id\":\"https:\/\/apoderma.com\/inicio\/2025\/04\/01\/expocomer-2025\/#breadcrumb\",\"itemListElement\":[{\"@type\":\"ListItem\",\"position\":1,\"name\":\"Portada\",\"item\":\"https:\/\/apoderma.com\/inicio\/\"},{\"@type\":\"ListItem\",\"position\":2,\"name\":\"Expocomer 2025\"}]},{\"@type\":\"WebSite\",\"@id\":\"https:\/\/apoderma.com\/inicio\/#website\",\"url\":\"https:\/\/apoderma.com\/inicio\/\",\"name\":\"Apo Derma Store\",\"description\":\"Venta de productos cosm\u00e9ticos\",\"potentialAction\":[{\"@type\":\"SearchAction\",\"target\":{\"@type\":\"EntryPoint\",\"urlTemplate\":\"https:\/\/apoderma.com\/inicio\/?s={search_term_string}\"},\"query-input\":{\"@type\":\"PropertyValueSpecification\",\"valueRequired\":true,\"valueName\":\"search_term_string\"}}],\"inLanguage\":\"es\"},{\"@type\":\"Person\",\"@id\":\"https:\/\/apoderma.com\/inicio\/#\/schema\/person\/231395f2a875f388aa375500bf3a2ca9\",\"name\":\"Cristina Prado Chinchilla\",\"image\":{\"@type\":\"ImageObject\",\"inLanguage\":\"es\",\"@id\":\"https:\/\/apoderma.com\/inicio\/#\/schema\/person\/image\/\",\"url\":\"https:\/\/secure.gravatar.com\/avatar\/ca39c36795aabda6606ba9598a72a06c70889db65f5489c85dd3e044d62db85e?s=96&d=mm&r=g\",\"contentUrl\":\"https:\/\/secure.gravatar.com\/avatar\/ca39c36795aabda6606ba9598a72a06c70889db65f5489c85dd3e044d62db85e?s=96&d=mm&r=g\",\"caption\":\"Cristina Prado Chinchilla\"},\"url\":\"https:\/\/apoderma.com\/inicio\/author\/cprado\/\"}]}<\/script>\n<!-- \/ Yoast SEO plugin. -->","yoast_head_json":{"title":"Expocomer 2025 - Apo Derma Store","description":"Expocomer es la feria multisectorial m\u00e1s grande de centroam\u00e9rica y tiene lugar en cuidad de Panam\u00e1, este a\u00f1o ApoDerma ha estado presente.","robots":{"index":"index","follow":"follow","max-snippet":"max-snippet:-1","max-image-preview":"max-image-preview:large","max-video-preview":"max-video-preview:-1"},"canonical":"https:\/\/apoderma.com\/inicio\/2025\/04\/01\/expocomer-2025\/","og_locale":"es_ES","og_type":"article","og_title":"Expocomer 2025 - Apo Derma Store","og_description":"Expocomer es la feria multisectorial m\u00e1s grande de centroam\u00e9rica y tiene lugar en cuidad de Panam\u00e1, este a\u00f1o ApoDerma ha estado presente.","og_url":"https:\/\/apoderma.com\/inicio\/2025\/04\/01\/expocomer-2025\/","og_site_name":"Apo Derma Store","article_published_time":"2025-04-02T00:03:32+00:00","og_image":[{"width":1074,"height":595,"url":"https:\/\/apoderma.com\/inicio\/wp-content\/uploads\/2025\/04\/Entrevista_dra_cristinaprado.jpg","type":"image\/jpeg"}],"author":"Cristina Prado Chinchilla","twitter_card":"summary_large_image","twitter_misc":{"Escrito por":"Cristina Prado Chinchilla","Tiempo de lectura":"2 minutos"},"schema":{"@context":"https:\/\/schema.org","@graph":[{"@type":"WebPage","@id":"https:\/\/apoderma.com\/inicio\/2025\/04\/01\/expocomer-2025\/","url":"https:\/\/apoderma.com\/inicio\/2025\/04\/01\/expocomer-2025\/","name":"Expocomer 2025 - Apo Derma Store","isPartOf":{"@id":"https:\/\/apoderma.com\/inicio\/#website"},"primaryImageOfPage":{"@id":"https:\/\/apoderma.com\/inicio\/2025\/04\/01\/expocomer-2025\/#primaryimage"},"image":{"@id":"https:\/\/apoderma.com\/inicio\/2025\/04\/01\/expocomer-2025\/#primaryimage"},"thumbnailUrl":"https:\/\/apoderma.com\/inicio\/wp-content\/uploads\/2025\/04\/Entrevista_dra_cristinaprado.jpg","datePublished":"2025-04-02T00:03:32+00:00","author":{"@id":"https:\/\/apoderma.com\/inicio\/#\/schema\/person\/231395f2a875f388aa375500bf3a2ca9"},"description":"Expocomer es la feria multisectorial m\u00e1s grande de centroam\u00e9rica y tiene lugar en cuidad de Panam\u00e1, este a\u00f1o ApoDerma ha estado presente.","breadcrumb":{"@id":"https:\/\/apoderma.com\/inicio\/2025\/04\/01\/expocomer-2025\/#breadcrumb"},"inLanguage":"es","potentialAction":[{"@type":"ReadAction","target":["https:\/\/apoderma.com\/inicio\/2025\/04\/01\/expocomer-2025\/"]}]},{"@type":"ImageObject","inLanguage":"es","@id":"https:\/\/apoderma.com\/inicio\/2025\/04\/01\/expocomer-2025\/#primaryimage","url":"https:\/\/apoderma.com\/inicio\/wp-content\/uploads\/2025\/04\/Entrevista_dra_cristinaprado.jpg","contentUrl":"https:\/\/apoderma.com\/inicio\/wp-content\/uploads\/2025\/04\/Entrevista_dra_cristinaprado.jpg","width":1074,"height":595,"caption":"entrevista de la dra cristina prado durante Expocomer 2025"},{"@type":"BreadcrumbList","@id":"https:\/\/apoderma.com\/inicio\/2025\/04\/01\/expocomer-2025\/#breadcrumb","itemListElement":[{"@type":"ListItem","position":1,"name":"Portada","item":"https:\/\/apoderma.com\/inicio\/"},{"@type":"ListItem","position":2,"name":"Expocomer 2025"}]},{"@type":"WebSite","@id":"https:\/\/apoderma.com\/inicio\/#website","url":"https:\/\/apoderma.com\/inicio\/","name":"Apo Derma Store","description":"Venta de productos cosm\u00e9ticos","potentialAction":[{"@type":"SearchAction","target":{"@type":"EntryPoint","urlTemplate":"https:\/\/apoderma.com\/inicio\/?s={search_term_string}"},"query-input":{"@type":"PropertyValueSpecification","valueRequired":true,"valueName":"search_term_string"}}],"inLanguage":"es"},{"@type":"Person","@id":"https:\/\/apoderma.com\/inicio\/#\/schema\/person\/231395f2a875f388aa375500bf3a2ca9","name":"Cristina Prado Chinchilla","image":{"@type":"ImageObject","inLanguage":"es","@id":"https:\/\/apoderma.com\/inicio\/#\/schema\/person\/image\/","url":"https:\/\/secure.gravatar.com\/avatar\/ca39c36795aabda6606ba9598a72a06c70889db65f5489c85dd3e044d62db85e?s=96&d=mm&r=g","contentUrl":"https:\/\/secure.gravatar.com\/avatar\/ca39c36795aabda6606ba9598a72a06c70889db65f5489c85dd3e044d62db85e?s=96&d=mm&r=g","caption":"Cristina Prado Chinchilla"},"url":"https:\/\/apoderma.com\/inicio\/author\/cprado\/"}]}},"_links":{"self":[{"href":"https:\/\/apoderma.com\/inicio\/wp-json\/wp\/v2\/posts\/39780","targetHints":{"allow":["GET"]}}],"collection":[{"href":"https:\/\/apoderma.com\/inicio\/wp-json\/wp\/v2\/posts"}],"about":[{"href":"https:\/\/apoderma.com\/inicio\/wp-json\/wp\/v2\/types\/post"}],"author":[{"embeddable":true,"href":"https:\/\/apoderma.com\/inicio\/wp-json\/wp\/v2\/users\/12"}],"replies":[{"embeddable":true,"href":"https:\/\/apoderma.com\/inicio\/wp-json\/wp\/v2\/comments?post=39780"}],"version-history":[{"count":5,"href":"https:\/\/apoderma.com\/inicio\/wp-json\/wp\/v2\/posts\/39780\/revisions"}],"predecessor-version":[{"id":39786,"href":"https:\/\/apoderma.com\/inicio\/wp-json\/wp\/v2\/posts\/39780\/revisions\/39786"}],"wp:featuredmedia":[{"embeddable":true,"href":"https:\/\/apoderma.com\/inicio\/wp-json\/wp\/v2\/media\/39782"}],"wp:attachment":[{"href":"https:\/\/apoderma.com\/inicio\/wp-json\/wp\/v2\/media?parent=39780"}],"wp:term":[{"taxonomy":"category","embeddable":true,"href":"https:\/\/apoderma.com\/inicio\/wp-json\/wp\/v2\/categories?post=39780"},{"taxonomy":"post_tag","embeddable":true,"href":"https:\/\/apoderma.com\/inicio\/wp-json\/wp\/v2\/tags?post=39780"}],"curies":[{"name":"wp","href":"https:\/\/api.w.org\/{rel}","templated":true}]}}