{"id":39753,"date":"2025-02-04T11:40:44","date_gmt":"2025-02-04T17:40:44","guid":{"rendered":"https:\/\/apoderma.com\/inicio\/?p=39753"},"modified":"2025-02-04T11:40:44","modified_gmt":"2025-02-04T17:40:44","slug":"tendencias-del-2025-para-un-cuidado-mas-responsable","status":"publish","type":"post","link":"https:\/\/apoderma.com\/inicio\/2025\/02\/04\/tendencias-del-2025-para-un-cuidado-mas-responsable\/","title":{"rendered":"Tendencias del 2025 para un Cuidado M\u00e1s Responsable"},"content":{"rendered":"<div class=\"wpb-content-wrapper\"><p>[vc_row][vc_column][vc_column_text]<\/p>\n<div class=\"\" data-block=\"true\" data-editor=\"1k0am\" data-offset-key=\"f1e3o-0-0\">\n<div class=\"_1mf _1mj\" data-offset-key=\"f1e3o-0-0\">\n<div class=\"kvgmc6g5 cxmmr5t8 oygrvhab hcukyx3x c1et5uql ii04i59q\">\n<div dir=\"auto\">\n<div class=\"\" data-block=\"true\" data-editor=\"1k0am\" data-offset-key=\"f1e3o-0-0\">\n<div class=\"_1mf _1mj\" data-offset-key=\"f1e3o-0-0\">\n<div class=\"kvgmc6g5 cxmmr5t8 oygrvhab hcukyx3x c1et5uql ii04i59q\">\n<p dir=\"auto\">En esta nota presento un an\u00e1lisis de las 5 principales tendencias para el 2025 en la industria del cuidado personal, basado en estudios realizados a nivel mundial y haciendo un aporte de nuestra experiencia personal al atender a nuestros propios pacientes.<\/p>\n<div dir=\"auto\">\n<div class=\"\" data-block=\"true\" data-editor=\"eeect\" data-offset-key=\"eu23h-0-0\">\n<div class=\"_1mf _1mj\" data-offset-key=\"eu23h-0-0\">\n<p>Dentro de las tendencias que destacan para este 2025 tenemos:<\/p>\n<\/div>\n<\/div>\n<\/div>\n<\/div>\n<div class=\"kvgmc6g5 cxmmr5t8 oygrvhab hcukyx3x c1et5uql ii04i59q\">\n<div data-offset-key=\"eu23h-0-0\">\n<h1 dir=\"auto\"><strong><span style=\"color: #60268b;\">1. Hiper personalizaci\u00f3n en productos y servicios<\/span><\/strong><\/h1>\n<\/div>\n<\/div>\n<div data-offset-key=\"eu23h-0-0\">\n<div class=\"\" data-block=\"true\" data-editor=\"eeect\" data-offset-key=\"eu23h-0-0\">\n<p>Necesidades individuales, considerando edad, g\u00e9nero, ascendencia \u00e9tnica, geograf\u00eda, cultura, gustos preferencias para la oferta de productos y servicios.<\/p>\n<p>El concepto de atenci\u00f3n personalizada, donde la evaluaci\u00f3n individual crea el v\u00ednculo con el consumidor que se traduce en lealtad hacia la marca.<\/p>\n<p>El consumidor ahora cuenta con informaci\u00f3n sobre las mismas tendencias del mercado, por lo que es cr\u00edtico en reconocer las marcas que realizan la personalizaci\u00f3n como una forma genuina, bajo un sistema estandarizado para asegurar la calidad del servicio ofrecido.<\/p>\n<p>Las marcas por su parte deben reconocer el esfuerzo que significa el brindar productos y servicios personalizados. La oferta de productos personalizados lleva a modificaciones importantes en los sistemas productivos, donde la fabricaci\u00f3n serial de un mismo producto empacado bajo diferentes etiquetados debe transformarme en lotes de producci\u00f3n m\u00e1s peque\u00f1os para atender una poblaci\u00f3n espec\u00edfica.<\/p>\n<p>En este enfoque hacia la medicina personalizada, la Dermocosm\u00e9tica tiene un aliado en las preparaciones magistrales que por miles de a\u00f1os ha acompa\u00f1ado al ejercicio gal\u00e9nico; por lo que representa un modelo de operaci\u00f3n que podr\u00eda mostrar crecimiento.<\/p>\n<\/div>\n<\/div>\n<div class=\"kvgmc6g5 cxmmr5t8 oygrvhab hcukyx3x c1et5uql ii04i59q\">\n<div dir=\"auto\">\n<h1 data-offset-key=\"18jp6-0-0\"><strong><span style=\"color: #60268b;\">2. Ingredientes naturales y <a href=\"https:\/\/apoderma.com\/inicio\/avocari\/\">sostenibilidad\u00a0<\/a><\/span><\/strong><\/h1>\n<\/div>\n<div dir=\"auto\">\n<div class=\"\" data-block=\"true\" data-editor=\"eeect\" data-offset-key=\"95bd2-0-0\">\n<div data-offset-key=\"95bd2-0-0\">\n<p>Consumidores que buscan productos efectivos y seguros para el cuidado de su piel pero que tambi\u00e9n muestran una alta responsabilidad sobre el futuro del planeta.<\/p>\n<p>La preferencia por los productos con ingredientes naturales en especial los de origen bot\u00e1nico se ha convertido en un segmento que experimenta crecimiento dentro del ya creciente mercado de cuidado personal.<\/p>\n<p>Las evidentes consecuencias del cambio clim\u00e1tico han puesto de manifiesto la necesidad de tomar acciones en lo colectivo, pero tambi\u00e9n a nivel individual. Por lo que las nuevas generaciones han crecido con los conceptos de ser parte del cambio y ahora como consumidores convierten las acciones para contrarrestar el cambio clim\u00e1tico en parte de su decisi\u00f3n de compra.<\/p>\n<p>Por su parte la oferta de productos con extractos naturales, los que incluyen Fitocomplejos, Aceites esenciales, activos de especies adapt\u00f3genas ganan terreno en los puntos de venta de los diferentes canales, pero con mayor preferencia en las tiendas especializadas enfocados a consumidores dispuestos a pagar por productos diferenciados y responsables.<\/p>\n<p>La transparencia con la que las empresas puedan comunicar las acciones que est\u00e1n tomando para que sus marcas impacten de manera positiva a la sostenibilidad ambiental, social y econ\u00f3mica ser\u00e1 determinante para ser reconocidas como marcas sostenibles.<\/p>\n<\/div>\n<\/div>\n<div data-offset-key=\"95bd2-0-0\">\n<h1 data-offset-key=\"18jp6-0-0\"><strong><span style=\"color: #60268b;\">3. Ciencia, Innovaci\u00f3n y Tecnolog\u00eda<\/span><\/strong><\/h1>\n<p>Para este 2025 los desarrolladores de activos funcionales nos traen una amplia gama de opciones que apuestan por aumentar efectividad en los tratamientos basados en la aplicaci\u00f3n de la tecnolog\u00eda para simular los procesos fisiol\u00f3gicos a trav\u00e9s de modelos de predicci\u00f3n combinados con estudios cl\u00ednicos.<\/p>\n<p>La vuelta hacia los ingredientes de origen natural en especial los vegetales con aplicaci\u00f3n de t\u00e9cnicas innovadoras para lograr aislamiento y purificaci\u00f3n de las estructuras responsables de las acciones a nivel del tejido celular hacen a los Fito cosm\u00e9ticos productos altamente tecnol\u00f3gicos y ya no la simple mezcla de extractos naturales con poca efectividad.<\/p>\n<p>Desarrolladores de biomateriales como alternativa para los empaques tradicionales de cosm\u00e9ticos es tambi\u00e9n parte de esta tendencia.<\/p>\n<p>Por otra parte, los dispositivos tecnol\u00f3gicos disponibles para que los profesionales sanitarios, y en algunos casos el propio consumidor, puedan realizar un diagn\u00f3stico preciso de la necesidad de cada piel favorecen la personalizaci\u00f3n de protocolos que ya sabemos es una de las mega tendencias que nos acompa\u00f1a desde hace varios a\u00f1os, as\u00ed como brindar seguimiento de los casos para verificar efectividad de los protocolos.<\/p>\n<\/div>\n<div data-offset-key=\"95bd2-0-0\">\n<h1 data-offset-key=\"18jp6-0-0\"><strong><span style=\"color: #60268b;\">4. Belleza consciente y simple<\/span><\/strong><\/h1>\n<p>Un especial inter\u00e9s por conocer lo que hay detr\u00e1s de cada marca por parte de los consumidores quienes al contar con m\u00e1s informaci\u00f3n cient\u00edfica eval\u00faan por s\u00ed mismos tanto los beneficios de un determinado producto como tambi\u00e9n los efectos no deseados que pueda tener sus componentes para s\u00ed mismos y para el medio ambiente.<\/p>\n<p>El consumidor ha iniciado un proceso de an\u00e1lisis del contenido de cada producto y de sus empaques, evaluando en el punto de venta el proceso de disposici\u00f3n final de dicho envase.<\/p>\n<p>La tendencia a rechazar envases de un solo uso o que no puedan ser reciclados marca una tendencia en el dise\u00f1o de productos para este 2025.<\/p>\n<p>Las formulaciones minimalistas contin\u00faan aumentando seguidores donde pocos ingredientes, pero efectivos y seguros son claros ganadores ante un consumidor que continuar\u00e1 cuidado su piel con la m\u00ednima cantidad de sustancias qu\u00edmicas sean estas naturales o sint\u00e9ticas.<\/p>\n<p>Los tratamientos preventivos cobran relevancia en esta belleza consciente, donde el consumidor reconoce la importancia del cuidado de la piel desde siempre.<\/p>\n<\/div>\n<div class=\"\" data-block=\"true\" data-editor=\"eeect\" data-offset-key=\"95bd2-0-0\">\n<h1 data-offset-key=\"18jp6-0-0\"><strong><span style=\"color: #60268b;\">5. Autoexpresi\u00f3n y autoaceptaci\u00f3n<\/span><\/strong><\/h1>\n<\/div>\n<\/div>\n<div dir=\"auto\">\n<div data-offset-key=\"95bd2-0-0\">\n<p>No m\u00e1s imposiciones, expreso la belleza como la percibo, gusto de mi imagen tal como la reflejo.<\/p>\n<p>Un rompimiento a los estereotipos de belleza de siglos pasados, el recorrido por los 24 a\u00f1os en el Sigo XXI nos han llevado a una madurez en la concepci\u00f3n del bienestar sobre cualquier otra imposici\u00f3n social.<\/p>\n<p>La aceptaci\u00f3n del envejecimiento como proceso natural del ser humano, donde la lucha por conseguir la eterna juventud la ha ganado el alcanzar la dicha plena.<\/p>\n<p>Los productos para pieles maduras muestran crecimiento en el desarrollos de activos funcionales, enfocados en contrarrestar efectos de factores externos e internos, m\u00e1s que en reversar los signos aparentes de los procesos fisiol\u00f3gicos que realiza las c\u00e9lulas de nuestro cuerpo a trav\u00e9s de la vida.<\/p>\n<p>La cosm\u00e9tica decorativa es protagonista en esta mega tendencia, as\u00ed como aquellas ofertas de productos y servicios que apuestan por Cosm\u00e9tica Hol\u00edstica.<\/p>\n<h1 data-offset-key=\"18jp6-0-0\"><strong><span style=\"color: #60268b;\">Fuentes de informaci\u00f3n<\/span><\/strong><\/h1>\n<p>Esta nota ha sido creada por la Dra. Cristina Prado basada en tendencias comunicadas por Laboratorios Fabricantes de Ingredientes para la Industria Cosm\u00e9tica, estudios de mercado publicados por empresas dedicadas al an\u00e1lisis de tendencias, cluster\u00a0 y por el comportamiento mostrado por los consumidores de nuestros productos y servicios.<\/p>\n<\/div>\n<div data-offset-key=\"95bd2-0-0\">Agradecimiento especial a la <strong><a href=\"https:\/\/www.procomer.com\/\">Promotora de Comercio Exterior de Costa Rica (PROCOMER)<\/a> <\/strong>por su colaboraci\u00f3n en la obtenci\u00f3n de informaci\u00f3n sobre mercados y tendencias para el sector de cuidado personal.<\/div>\n<div data-offset-key=\"95bd2-0-0\"><\/div>\n<\/div>\n<\/div>\n<\/div>\n<div data-offset-key=\"95bd2-0-0\">\n<p>&nbsp;<\/p>\n<\/div>\n<div class=\"_1mf _1mj\" data-offset-key=\"f1e3o-0-0\">\n<div class=\"kvgmc6g5 cxmmr5t8 oygrvhab hcukyx3x c1et5uql ii04i59q\">\n<div dir=\"auto\">\n<div data-offset-key=\"95bd2-0-0\">\u00bfTe gustar\u00eda ampliar sobre alguna de estas tendencias? Aqu\u00ed tienes mi contacto<\/div>\n<div data-offset-key=\"95bd2-0-0\"><\/div>\n<\/div>\n<\/div>\n<\/div>\n<div class=\"m8h3af8h l7ghb35v kjdc1dyq kmwttqpk gh25dzvf n3t5jt4f\">\n<div dir=\"auto\">\n<p><strong><span style=\"color: #60268b;\"><a style=\"color: #60268b;\" href=\"https:\/\/www.linkedin.com\/in\/cristina-prado-farmaceutica\/\">Dra. Cristina Prado\u00a0<\/a><\/span><\/strong><\/p>\n<\/div>\n<\/div>\n<\/div>\n<p>Farmac\u00e9utica experta en Dermocosm\u00e9tica &#8211; Fundadora de ApoDerma<\/p>\n<p><strong><span style=\"color: #60268b;\"><a style=\"color: #60268b;\" href=\"https:\/\/wa.link\/1x5c1d\">WhatsApp (506)8394 6859<\/a><\/span><\/strong><\/p>\n<div class=\"\" data-block=\"true\" data-editor=\"1k0am\" data-offset-key=\"9aklq-0-0\">\n<div class=\"_1mf _1mj\" data-offset-key=\"9aklq-0-0\"><strong><span style=\"color: #60268b;\" data-offset-key=\"9aklq-0-0\"> <a style=\"color: #60268b;\" href=\"mailto:consultas@apoderma.com\">consultas@apoderma.com<\/a><\/span><\/strong><\/div>\n<\/div>\n<\/div>\n<\/div>\n<\/div>\n<\/div>\n<p>[\/vc_column_text]<div id=\"la_divider69f49b7d70cea\" class=\"js-el la-divider la-unit-responsive\" data-la_component=\"UnitResponsive\"  data-el_target='#la_divider69f49b7d70cea'  data-el_media_sizes='{&quot;padding-top&quot;:&quot;lg:22px;&quot;}' ><\/div>\n[\/vc_column][\/vc_row]<\/p>\n<\/div>","protected":false},"excerpt":{"rendered":"<p>En ApoDerma mantenemos nuestro compromiso por brindar informaci\u00f3n actualizada sobre tendencias de la industria del&hellip;<\/p>\n","protected":false},"author":12,"featured_media":39756,"comment_status":"open","ping_status":"open","sticky":false,"template":"","format":"standard","meta":{"_glsr_average":0,"_glsr_ranking":0,"_glsr_reviews":0,"footnotes":""},"categories":[249],"tags":[372,373,259],"class_list":["post-39753","post","type-post","status-publish","format-standard","has-post-thumbnail","hentry","category-tendencias-de-la-industria","tag-cosmetica-consciente","tag-sostenibilidad","tag-tendencias"],"yoast_head":"<!-- This site is optimized with the Yoast SEO plugin v25.3.1 - https:\/\/yoast.com\/wordpress\/plugins\/seo\/ -->\n<title>Tendencias del 2025 para un Cuidado M\u00e1s Responsable - Apo Derma Store<\/title>\n<meta name=\"description\" content=\"Tendencias del 2025 para un Cuidado M\u00e1s Responsable analizadas por la Dra. Cristina Prado Farmac\u00e9utica Fundadora de ApoDerma Store.\" \/>\n<meta name=\"robots\" content=\"index, follow, max-snippet:-1, max-image-preview:large, max-video-preview:-1\" \/>\n<link rel=\"canonical\" href=\"https:\/\/apoderma.com\/inicio\/2025\/02\/04\/tendencias-del-2025-para-un-cuidado-mas-responsable\/\" \/>\n<meta property=\"og:locale\" content=\"es_ES\" \/>\n<meta property=\"og:type\" content=\"article\" \/>\n<meta property=\"og:title\" content=\"Tendencias del 2025 para un Cuidado M\u00e1s Responsable - Apo Derma Store\" \/>\n<meta property=\"og:description\" content=\"Tendencias del 2025 para un Cuidado M\u00e1s Responsable analizadas por la Dra. Cristina Prado Farmac\u00e9utica Fundadora de ApoDerma Store.\" \/>\n<meta property=\"og:url\" content=\"https:\/\/apoderma.com\/inicio\/2025\/02\/04\/tendencias-del-2025-para-un-cuidado-mas-responsable\/\" \/>\n<meta property=\"og:site_name\" content=\"Apo Derma Store\" \/>\n<meta property=\"article:published_time\" content=\"2025-02-04T17:40:44+00:00\" \/>\n<meta property=\"og:image\" content=\"https:\/\/apoderma.com\/inicio\/wp-content\/uploads\/2025\/02\/Entrada-al-blog-Tendencia-2025.jpeg\" \/>\n\t<meta property=\"og:image:width\" content=\"713\" \/>\n\t<meta property=\"og:image:height\" content=\"400\" \/>\n\t<meta property=\"og:image:type\" content=\"image\/jpeg\" \/>\n<meta name=\"author\" content=\"Cristina Prado Chinchilla\" \/>\n<meta name=\"twitter:card\" content=\"summary_large_image\" \/>\n<meta name=\"twitter:label1\" content=\"Escrito por\" \/>\n\t<meta name=\"twitter:data1\" content=\"Cristina Prado Chinchilla\" \/>\n\t<meta name=\"twitter:label2\" content=\"Tiempo de lectura\" \/>\n\t<meta name=\"twitter:data2\" content=\"5 minutos\" \/>\n<script type=\"application\/ld+json\" class=\"yoast-schema-graph\">{\"@context\":\"https:\/\/schema.org\",\"@graph\":[{\"@type\":\"WebPage\",\"@id\":\"https:\/\/apoderma.com\/inicio\/2025\/02\/04\/tendencias-del-2025-para-un-cuidado-mas-responsable\/\",\"url\":\"https:\/\/apoderma.com\/inicio\/2025\/02\/04\/tendencias-del-2025-para-un-cuidado-mas-responsable\/\",\"name\":\"Tendencias del 2025 para un Cuidado M\u00e1s Responsable - Apo Derma Store\",\"isPartOf\":{\"@id\":\"https:\/\/apoderma.com\/inicio\/#website\"},\"primaryImageOfPage\":{\"@id\":\"https:\/\/apoderma.com\/inicio\/2025\/02\/04\/tendencias-del-2025-para-un-cuidado-mas-responsable\/#primaryimage\"},\"image\":{\"@id\":\"https:\/\/apoderma.com\/inicio\/2025\/02\/04\/tendencias-del-2025-para-un-cuidado-mas-responsable\/#primaryimage\"},\"thumbnailUrl\":\"https:\/\/apoderma.com\/inicio\/wp-content\/uploads\/2025\/02\/Entrada-al-blog-Tendencia-2025.jpeg\",\"datePublished\":\"2025-02-04T17:40:44+00:00\",\"author\":{\"@id\":\"https:\/\/apoderma.com\/inicio\/#\/schema\/person\/231395f2a875f388aa375500bf3a2ca9\"},\"description\":\"Tendencias del 2025 para un Cuidado M\u00e1s Responsable analizadas por la Dra. Cristina Prado Farmac\u00e9utica Fundadora de ApoDerma Store.\",\"breadcrumb\":{\"@id\":\"https:\/\/apoderma.com\/inicio\/2025\/02\/04\/tendencias-del-2025-para-un-cuidado-mas-responsable\/#breadcrumb\"},\"inLanguage\":\"es\",\"potentialAction\":[{\"@type\":\"ReadAction\",\"target\":[\"https:\/\/apoderma.com\/inicio\/2025\/02\/04\/tendencias-del-2025-para-un-cuidado-mas-responsable\/\"]}]},{\"@type\":\"ImageObject\",\"inLanguage\":\"es\",\"@id\":\"https:\/\/apoderma.com\/inicio\/2025\/02\/04\/tendencias-del-2025-para-un-cuidado-mas-responsable\/#primaryimage\",\"url\":\"https:\/\/apoderma.com\/inicio\/wp-content\/uploads\/2025\/02\/Entrada-al-blog-Tendencia-2025.jpeg\",\"contentUrl\":\"https:\/\/apoderma.com\/inicio\/wp-content\/uploads\/2025\/02\/Entrada-al-blog-Tendencia-2025.jpeg\",\"width\":713,\"height\":400,\"caption\":\"Tendencias 2025 en cuidado personal\"},{\"@type\":\"BreadcrumbList\",\"@id\":\"https:\/\/apoderma.com\/inicio\/2025\/02\/04\/tendencias-del-2025-para-un-cuidado-mas-responsable\/#breadcrumb\",\"itemListElement\":[{\"@type\":\"ListItem\",\"position\":1,\"name\":\"Portada\",\"item\":\"https:\/\/apoderma.com\/inicio\/\"},{\"@type\":\"ListItem\",\"position\":2,\"name\":\"Tendencias del 2025 para un Cuidado M\u00e1s Responsable\"}]},{\"@type\":\"WebSite\",\"@id\":\"https:\/\/apoderma.com\/inicio\/#website\",\"url\":\"https:\/\/apoderma.com\/inicio\/\",\"name\":\"Apo Derma Store\",\"description\":\"Venta de productos cosm\u00e9ticos\",\"potentialAction\":[{\"@type\":\"SearchAction\",\"target\":{\"@type\":\"EntryPoint\",\"urlTemplate\":\"https:\/\/apoderma.com\/inicio\/?s={search_term_string}\"},\"query-input\":{\"@type\":\"PropertyValueSpecification\",\"valueRequired\":true,\"valueName\":\"search_term_string\"}}],\"inLanguage\":\"es\"},{\"@type\":\"Person\",\"@id\":\"https:\/\/apoderma.com\/inicio\/#\/schema\/person\/231395f2a875f388aa375500bf3a2ca9\",\"name\":\"Cristina Prado Chinchilla\",\"image\":{\"@type\":\"ImageObject\",\"inLanguage\":\"es\",\"@id\":\"https:\/\/apoderma.com\/inicio\/#\/schema\/person\/image\/\",\"url\":\"https:\/\/secure.gravatar.com\/avatar\/ca39c36795aabda6606ba9598a72a06c70889db65f5489c85dd3e044d62db85e?s=96&d=mm&r=g\",\"contentUrl\":\"https:\/\/secure.gravatar.com\/avatar\/ca39c36795aabda6606ba9598a72a06c70889db65f5489c85dd3e044d62db85e?s=96&d=mm&r=g\",\"caption\":\"Cristina Prado Chinchilla\"},\"url\":\"https:\/\/apoderma.com\/inicio\/author\/cprado\/\"}]}<\/script>\n<!-- \/ Yoast SEO plugin. -->","yoast_head_json":{"title":"Tendencias del 2025 para un Cuidado M\u00e1s Responsable - Apo Derma Store","description":"Tendencias del 2025 para un Cuidado M\u00e1s Responsable analizadas por la Dra. Cristina Prado Farmac\u00e9utica Fundadora de ApoDerma Store.","robots":{"index":"index","follow":"follow","max-snippet":"max-snippet:-1","max-image-preview":"max-image-preview:large","max-video-preview":"max-video-preview:-1"},"canonical":"https:\/\/apoderma.com\/inicio\/2025\/02\/04\/tendencias-del-2025-para-un-cuidado-mas-responsable\/","og_locale":"es_ES","og_type":"article","og_title":"Tendencias del 2025 para un Cuidado M\u00e1s Responsable - Apo Derma Store","og_description":"Tendencias del 2025 para un Cuidado M\u00e1s Responsable analizadas por la Dra. Cristina Prado Farmac\u00e9utica Fundadora de ApoDerma Store.","og_url":"https:\/\/apoderma.com\/inicio\/2025\/02\/04\/tendencias-del-2025-para-un-cuidado-mas-responsable\/","og_site_name":"Apo Derma Store","article_published_time":"2025-02-04T17:40:44+00:00","og_image":[{"width":713,"height":400,"url":"https:\/\/apoderma.com\/inicio\/wp-content\/uploads\/2025\/02\/Entrada-al-blog-Tendencia-2025.jpeg","type":"image\/jpeg"}],"author":"Cristina Prado Chinchilla","twitter_card":"summary_large_image","twitter_misc":{"Escrito por":"Cristina Prado Chinchilla","Tiempo de lectura":"5 minutos"},"schema":{"@context":"https:\/\/schema.org","@graph":[{"@type":"WebPage","@id":"https:\/\/apoderma.com\/inicio\/2025\/02\/04\/tendencias-del-2025-para-un-cuidado-mas-responsable\/","url":"https:\/\/apoderma.com\/inicio\/2025\/02\/04\/tendencias-del-2025-para-un-cuidado-mas-responsable\/","name":"Tendencias del 2025 para un Cuidado M\u00e1s Responsable - Apo Derma Store","isPartOf":{"@id":"https:\/\/apoderma.com\/inicio\/#website"},"primaryImageOfPage":{"@id":"https:\/\/apoderma.com\/inicio\/2025\/02\/04\/tendencias-del-2025-para-un-cuidado-mas-responsable\/#primaryimage"},"image":{"@id":"https:\/\/apoderma.com\/inicio\/2025\/02\/04\/tendencias-del-2025-para-un-cuidado-mas-responsable\/#primaryimage"},"thumbnailUrl":"https:\/\/apoderma.com\/inicio\/wp-content\/uploads\/2025\/02\/Entrada-al-blog-Tendencia-2025.jpeg","datePublished":"2025-02-04T17:40:44+00:00","author":{"@id":"https:\/\/apoderma.com\/inicio\/#\/schema\/person\/231395f2a875f388aa375500bf3a2ca9"},"description":"Tendencias del 2025 para un Cuidado M\u00e1s Responsable analizadas por la Dra. Cristina Prado Farmac\u00e9utica Fundadora de ApoDerma Store.","breadcrumb":{"@id":"https:\/\/apoderma.com\/inicio\/2025\/02\/04\/tendencias-del-2025-para-un-cuidado-mas-responsable\/#breadcrumb"},"inLanguage":"es","potentialAction":[{"@type":"ReadAction","target":["https:\/\/apoderma.com\/inicio\/2025\/02\/04\/tendencias-del-2025-para-un-cuidado-mas-responsable\/"]}]},{"@type":"ImageObject","inLanguage":"es","@id":"https:\/\/apoderma.com\/inicio\/2025\/02\/04\/tendencias-del-2025-para-un-cuidado-mas-responsable\/#primaryimage","url":"https:\/\/apoderma.com\/inicio\/wp-content\/uploads\/2025\/02\/Entrada-al-blog-Tendencia-2025.jpeg","contentUrl":"https:\/\/apoderma.com\/inicio\/wp-content\/uploads\/2025\/02\/Entrada-al-blog-Tendencia-2025.jpeg","width":713,"height":400,"caption":"Tendencias 2025 en cuidado personal"},{"@type":"BreadcrumbList","@id":"https:\/\/apoderma.com\/inicio\/2025\/02\/04\/tendencias-del-2025-para-un-cuidado-mas-responsable\/#breadcrumb","itemListElement":[{"@type":"ListItem","position":1,"name":"Portada","item":"https:\/\/apoderma.com\/inicio\/"},{"@type":"ListItem","position":2,"name":"Tendencias del 2025 para un Cuidado M\u00e1s Responsable"}]},{"@type":"WebSite","@id":"https:\/\/apoderma.com\/inicio\/#website","url":"https:\/\/apoderma.com\/inicio\/","name":"Apo Derma Store","description":"Venta de productos cosm\u00e9ticos","potentialAction":[{"@type":"SearchAction","target":{"@type":"EntryPoint","urlTemplate":"https:\/\/apoderma.com\/inicio\/?s={search_term_string}"},"query-input":{"@type":"PropertyValueSpecification","valueRequired":true,"valueName":"search_term_string"}}],"inLanguage":"es"},{"@type":"Person","@id":"https:\/\/apoderma.com\/inicio\/#\/schema\/person\/231395f2a875f388aa375500bf3a2ca9","name":"Cristina Prado Chinchilla","image":{"@type":"ImageObject","inLanguage":"es","@id":"https:\/\/apoderma.com\/inicio\/#\/schema\/person\/image\/","url":"https:\/\/secure.gravatar.com\/avatar\/ca39c36795aabda6606ba9598a72a06c70889db65f5489c85dd3e044d62db85e?s=96&d=mm&r=g","contentUrl":"https:\/\/secure.gravatar.com\/avatar\/ca39c36795aabda6606ba9598a72a06c70889db65f5489c85dd3e044d62db85e?s=96&d=mm&r=g","caption":"Cristina Prado Chinchilla"},"url":"https:\/\/apoderma.com\/inicio\/author\/cprado\/"}]}},"_links":{"self":[{"href":"https:\/\/apoderma.com\/inicio\/wp-json\/wp\/v2\/posts\/39753","targetHints":{"allow":["GET"]}}],"collection":[{"href":"https:\/\/apoderma.com\/inicio\/wp-json\/wp\/v2\/posts"}],"about":[{"href":"https:\/\/apoderma.com\/inicio\/wp-json\/wp\/v2\/types\/post"}],"author":[{"embeddable":true,"href":"https:\/\/apoderma.com\/inicio\/wp-json\/wp\/v2\/users\/12"}],"replies":[{"embeddable":true,"href":"https:\/\/apoderma.com\/inicio\/wp-json\/wp\/v2\/comments?post=39753"}],"version-history":[{"count":8,"href":"https:\/\/apoderma.com\/inicio\/wp-json\/wp\/v2\/posts\/39753\/revisions"}],"predecessor-version":[{"id":39763,"href":"https:\/\/apoderma.com\/inicio\/wp-json\/wp\/v2\/posts\/39753\/revisions\/39763"}],"wp:featuredmedia":[{"embeddable":true,"href":"https:\/\/apoderma.com\/inicio\/wp-json\/wp\/v2\/media\/39756"}],"wp:attachment":[{"href":"https:\/\/apoderma.com\/inicio\/wp-json\/wp\/v2\/media?parent=39753"}],"wp:term":[{"taxonomy":"category","embeddable":true,"href":"https:\/\/apoderma.com\/inicio\/wp-json\/wp\/v2\/categories?post=39753"},{"taxonomy":"post_tag","embeddable":true,"href":"https:\/\/apoderma.com\/inicio\/wp-json\/wp\/v2\/tags?post=39753"}],"curies":[{"name":"wp","href":"https:\/\/api.w.org\/{rel}","templated":true}]}}