{"id":38684,"date":"2022-01-31T10:38:37","date_gmt":"2022-01-31T16:38:37","guid":{"rendered":"https:\/\/apoderma.com\/inicio\/?p=38684"},"modified":"2022-01-31T10:57:33","modified_gmt":"2022-01-31T16:57:33","slug":"piel-sensible-como-reconocerla-y-cuidarla","status":"publish","type":"post","link":"https:\/\/apoderma.com\/inicio\/2022\/01\/31\/piel-sensible-como-reconocerla-y-cuidarla\/","title":{"rendered":"Piel sensible: c\u00f3mo reconocerla y cuidarla"},"content":{"rendered":"<div class=\"wpb-content-wrapper\"><p>[vc_row][vc_column][vc_column_text]<\/p>\n<div class=\"\" data-block=\"true\" data-editor=\"1k0am\" data-offset-key=\"f1e3o-0-0\">\n<div class=\"_1mf _1mj\" data-offset-key=\"f1e3o-0-0\">\n<div class=\"kvgmc6g5 cxmmr5t8 oygrvhab hcukyx3x c1et5uql ii04i59q\">\n<div dir=\"auto\">La piel sensible es aquella que reacciona ante el menor est\u00edmulo ya sea interno o externo. Dicha reacci\u00f3n se manifiesta con irritaci\u00f3n o con congesti\u00f3n.<\/div>\n<\/div>\n<\/div>\n<div class=\"_1mf _1mj\" data-offset-key=\"f1e3o-0-0\">\n<div class=\"kvgmc6g5 cxmmr5t8 oygrvhab hcukyx3x c1et5uql ii04i59q\">\n<div dir=\"auto\"><\/div>\n<\/div>\n<div dir=\"auto\">Puede presentarse en cualquier tipo de piel ya sea grasa, mixta o seca y a cualquier edad, pero cabe mencionar que se incrementa gradualmente con la edad<\/div>\n<\/div>\n<div class=\"_1mf _1mj\" data-offset-key=\"f1e3o-0-0\">\n<div class=\"o9v6fnle cxmmr5t8 oygrvhab hcukyx3x c1et5uql ii04i59q\">\n<h3 dir=\"auto\"><span style=\"color: #800080;\">\u00bfC\u00f3mo reconocerla?<\/span><\/h3>\n<\/div>\n<\/div>\n<\/div>\n<p>La piel sensible se caracteriza por ser:<\/p>\n<ul>\n<li>Delgada<\/li>\n<li>Fr\u00e1gil<\/li>\n<li>Blanca, en la mayor\u00eda de los casos<\/li>\n<\/ul>\n<p>Puede presentar rojeces e inflamaci\u00f3n que en ocasiones puede confundirse con piel grasa con tendencia acn\u00e9ica, pero esta condici\u00f3n no desarrolla p\u00fastulas ni comedones.<\/p>\n<p>Es com\u00fan que presente Cuperosis pues la fragilidad vascular es mayor que en otras pieles.<\/p>\n<p>Tiene su funci\u00f3n barrera debilitada, por lo que es m\u00e1s permeable que otros tipos de piel y con baja protecci\u00f3n a las agresiones externas tanto f\u00edsicas como qu\u00edmicas.<\/p>\n<p>Por su alta permeabilidad pierde con facilidad humedad, tambi\u00e9n presenta deficiencia en grasa por lo que su apariencia puede ser similar a piel seca.<\/p>\n<p>Consecuencia de la condici\u00f3n de sequedad pierde elastisidad por lo que muestra tendencia al envejecimiento prematuro con marcadas l\u00edneas de expresi\u00f3n.<\/p>\n<p>La fragilidad de su funci\u00f3n barrera ante agentes externos aumenta con la edad hace que se rompa con facilidad, esto es m\u00e1s notorio en pieles maduras y en pacientes con otras condiciones sist\u00e9micas que agravan la condici\u00f3n.<\/p>\n<h3><span style=\"color: #800080;\">Condiciones que pueden desencadenar la reacci\u00f3n<\/span><\/h3>\n<p>Estas son condiciones o agentes externos que deben ser evitados en pacientes con la condici\u00f3n de piel sensible.<\/p>\n<ol>\n<li>Sol y cambios bruscos de temperatura<\/li>\n<li>Alimentos como alcohol y picantes<\/li>\n<li>Agentes qu\u00edmicos como detergentes, cosm\u00e9ticos, medicamentos t\u00f3picos.<\/li>\n<li>Ba\u00f1os extremandamente calientes pueden desencadenar la sensibilizaci\u00f3n<\/li>\n<\/ol>\n<h3><span style=\"color: #800080;\">Causas de la condici\u00f3n<\/span><\/h3>\n<p>La reacci\u00f3n de la piel a los factores antes mencionados puede deberse a diferentes factores. Estos son los principales:<\/p>\n<ol>\n<li><span style=\"color: #800080;\"><strong>Factores gen\u00e9ticos<\/strong><\/span>: antecedentes familiares que asocian al paciente con fiebre de heno, rinitis y eccemas. Estos son los pacientes que normalmente se denominan como at\u00f3picos pues la reacci\u00f3n a nivel de piel no tiene una cuasa claramente definida, por tanto la <strong>piel at\u00f3pica<\/strong> o la <strong>dermatitis at\u00f3pica<\/strong> es una manifestaci\u00f3n de la piel sensible que se utiliza para catalogar a estos pacientes.<\/li>\n<li><span style=\"color: #800080;\"><strong>Factores sist\u00e9micos<\/strong><\/span>: patolog\u00edas sist\u00e9micas pueden ser las responsables de reacciones a nivel de piel, ejemplo es la sequedad y picor presente en pacientes Diabetes y tambi\u00e9n algunas enfermedades renales son causales de prurito y excema.<\/li>\n<li><strong><span style=\"color: #800080;\">Factores fisiol\u00f3gico<\/span>s<\/strong>: condiciones a la que est\u00e9 expuesta el paciente como estr\u00e9s, fatiga, falta de sue\u00f1o o cambios hormonales pueden tambi\u00e9n desencadenar reaciones en piel con diferentes manifestaciones.<\/li>\n<\/ol>\n<p>La sensibilizaci\u00f3n puede ser reversible si el agente causal desaparece.<\/p>\n<p>Tambi\u00e9n puede presentarse en cualquier etapa de la vida, cuando el balance natural del estrato c\u00f3rneo presenta desequilibrio en cuanto a sus componentes naturales.<\/p>\n<h3><span style=\"color: #800080;\">Dermocosm\u00e9ticos recomendados para pieles sensibles<\/span><\/h3>\n<p>Los productos que se empleen para la limpieza y cuidado de la piel sensible deben cumplir las siguientes funciones:<\/p>\n<ol>\n<li>Evitar irritaci\u00f3n<\/li>\n<li>Tratar la reactividad<\/li>\n<li>Disminuir la inflamaci\u00f3n<\/li>\n<li>Restaurar el equilibrio natural de la piel<\/li>\n<\/ol>\n<p>A\u00fan cuando presente sequedad, no es recomendable los productos para piel seca pues pueden resultar demasiado pesados para la piel sensible. Adem\u00e1s, por dise\u00f1o no contemplan activos lo suficientemente calmantes para disminuir la inflamaci\u00f3n presente.<\/p>\n<p>Los avances de la industria dermocosm\u00e9tica nos ofrece nuevos productos cada vez m\u00e1s espec\u00edficos para las necesidades de la poblaci\u00f3n mundial.<\/p>\n<p>La piel sensible afecta a cerca del 10% de la poblaci\u00f3n mundial, por lo que esta condici\u00f3n se ha convertido en una de las prioridades para los laboratorios dermocosm\u00e9ticos.<\/p>\n<p>Como siempre recordamos, cada caso debe ser evaluado de forma individual. En el caso de la piel sensible las manifestaciones pueden variar por lo que el tratamiento y protocolo a seguir debe definirse caso a caso basado en la evaluaci\u00f3n profesional y los antecedentes del paciente.<\/p>\n<p>Recuerda que nunca la recomendaci\u00f3n para un caso puede trasladarse a otro sin la evaluaci\u00f3n espec\u00edfica, por lo que si tienes esta condici\u00f3n lo mejor es realizar la consulta con un Dermat\u00f3logo o Farmac\u00e9utico especialista en Dermofarmacia<\/p>\n<p>Si tienes alguna consulta sobre este tema, env\u00edame un mensaje para atender tu consulta.<\/p>\n<p>Si consideras que esta informaci\u00f3n puede ser de utilidad a otras personas que conozcas, comp\u00e1rtela.<\/p>\n<p>Siempre ser\u00e1 un gusto poner nuestra experiencia al servicio de la piel<\/p>\n<p><a href=\"https:\/\/www.linkedin.com\/in\/cristina-prado-farmaceutica\/\">Dra. Cristina Prado\u00a0<\/a><\/p>\n<p>Farmac\u00e9utica fundadora de ApoDerma Store<\/p>\n<div class=\"\" data-block=\"true\" data-editor=\"1k0am\" data-offset-key=\"9aklq-0-0\">\n<div class=\"_1mf _1mj\" data-offset-key=\"9aklq-0-0\"><span data-offset-key=\"9aklq-0-0\"> <a href=\"mailto:consultas@apoderma.com\">consultas@apoderma.com<\/a>.<\/span><\/div>\n<\/div>\n<p>[\/vc_column_text]<div id=\"la_divider69f4f756dbec7\" class=\"js-el la-divider la-unit-responsive\" data-la_component=\"UnitResponsive\"  data-el_target='#la_divider69f4f756dbec7'  data-el_media_sizes='{&quot;padding-top&quot;:&quot;lg:22px;&quot;}' ><\/div>\n[\/vc_column][\/vc_row]<\/p>\n<\/div>","protected":false},"excerpt":{"rendered":"<p>[vc_row][vc_column][vc_column_text] La piel sensible es aquella que reacciona ante el menor est\u00edmulo ya sea interno&hellip;<\/p>\n","protected":false},"author":12,"featured_media":38685,"comment_status":"open","ping_status":"open","sticky":false,"template":"","format":"standard","meta":{"_glsr_average":0,"_glsr_ranking":0,"_glsr_reviews":0,"footnotes":""},"categories":[247],"tags":[266,285],"class_list":["post-38684","post","type-post","status-publish","format-standard","has-post-thumbnail","hentry","category-consejos-para-cuidar-la-piel","tag-piel-sensible","tag-rosacea"],"yoast_head":"<!-- This site is optimized with the Yoast SEO plugin v25.3.1 - https:\/\/yoast.com\/wordpress\/plugins\/seo\/ -->\n<title>Piel sensible: c\u00f3mo reconocerla y cuidarla - Apo Derma Store<\/title>\n<meta name=\"description\" content=\"La Dra. Cristina Prado brinda recomendaciones para cuidar la piel sensible. Conoce las caracter\u00edsticas, causas y cuidados de esta condici\u00f3n.\" \/>\n<meta name=\"robots\" content=\"index, follow, max-snippet:-1, max-image-preview:large, max-video-preview:-1\" \/>\n<link rel=\"canonical\" href=\"https:\/\/apoderma.com\/inicio\/2022\/01\/31\/piel-sensible-como-reconocerla-y-cuidarla\/\" \/>\n<meta property=\"og:locale\" content=\"es_ES\" \/>\n<meta property=\"og:type\" content=\"article\" \/>\n<meta property=\"og:title\" content=\"Piel sensible: c\u00f3mo reconocerla y cuidarla - Apo Derma Store\" \/>\n<meta property=\"og:description\" content=\"La Dra. Cristina Prado brinda recomendaciones para cuidar la piel sensible. Conoce las caracter\u00edsticas, causas y cuidados de esta condici\u00f3n.\" \/>\n<meta property=\"og:url\" content=\"https:\/\/apoderma.com\/inicio\/2022\/01\/31\/piel-sensible-como-reconocerla-y-cuidarla\/\" \/>\n<meta property=\"og:site_name\" content=\"Apo Derma Store\" \/>\n<meta property=\"article:published_time\" content=\"2022-01-31T16:38:37+00:00\" \/>\n<meta property=\"article:modified_time\" content=\"2022-01-31T16:57:33+00:00\" \/>\n<meta property=\"og:image\" content=\"https:\/\/apoderma.com\/inicio\/wp-content\/uploads\/2022\/01\/Blog-1.jpg\" \/>\n\t<meta property=\"og:image:width\" content=\"712\" \/>\n\t<meta property=\"og:image:height\" content=\"200\" \/>\n\t<meta property=\"og:image:type\" content=\"image\/jpeg\" \/>\n<meta name=\"author\" content=\"Cristina Prado Chinchilla\" \/>\n<meta name=\"twitter:card\" content=\"summary_large_image\" \/>\n<meta name=\"twitter:label1\" content=\"Escrito por\" \/>\n\t<meta name=\"twitter:data1\" content=\"Cristina Prado Chinchilla\" \/>\n\t<meta name=\"twitter:label2\" content=\"Tiempo de lectura\" \/>\n\t<meta name=\"twitter:data2\" content=\"4 minutos\" \/>\n<script type=\"application\/ld+json\" class=\"yoast-schema-graph\">{\"@context\":\"https:\/\/schema.org\",\"@graph\":[{\"@type\":\"WebPage\",\"@id\":\"https:\/\/apoderma.com\/inicio\/2022\/01\/31\/piel-sensible-como-reconocerla-y-cuidarla\/\",\"url\":\"https:\/\/apoderma.com\/inicio\/2022\/01\/31\/piel-sensible-como-reconocerla-y-cuidarla\/\",\"name\":\"Piel sensible: c\u00f3mo reconocerla y cuidarla - Apo Derma Store\",\"isPartOf\":{\"@id\":\"https:\/\/apoderma.com\/inicio\/#website\"},\"primaryImageOfPage\":{\"@id\":\"https:\/\/apoderma.com\/inicio\/2022\/01\/31\/piel-sensible-como-reconocerla-y-cuidarla\/#primaryimage\"},\"image\":{\"@id\":\"https:\/\/apoderma.com\/inicio\/2022\/01\/31\/piel-sensible-como-reconocerla-y-cuidarla\/#primaryimage\"},\"thumbnailUrl\":\"https:\/\/apoderma.com\/inicio\/wp-content\/uploads\/2022\/01\/Blog-1.jpg\",\"datePublished\":\"2022-01-31T16:38:37+00:00\",\"dateModified\":\"2022-01-31T16:57:33+00:00\",\"author\":{\"@id\":\"https:\/\/apoderma.com\/inicio\/#\/schema\/person\/231395f2a875f388aa375500bf3a2ca9\"},\"description\":\"La Dra. Cristina Prado brinda recomendaciones para cuidar la piel sensible. Conoce las caracter\u00edsticas, causas y cuidados de esta condici\u00f3n.\",\"breadcrumb\":{\"@id\":\"https:\/\/apoderma.com\/inicio\/2022\/01\/31\/piel-sensible-como-reconocerla-y-cuidarla\/#breadcrumb\"},\"inLanguage\":\"es\",\"potentialAction\":[{\"@type\":\"ReadAction\",\"target\":[\"https:\/\/apoderma.com\/inicio\/2022\/01\/31\/piel-sensible-como-reconocerla-y-cuidarla\/\"]}]},{\"@type\":\"ImageObject\",\"inLanguage\":\"es\",\"@id\":\"https:\/\/apoderma.com\/inicio\/2022\/01\/31\/piel-sensible-como-reconocerla-y-cuidarla\/#primaryimage\",\"url\":\"https:\/\/apoderma.com\/inicio\/wp-content\/uploads\/2022\/01\/Blog-1.jpg\",\"contentUrl\":\"https:\/\/apoderma.com\/inicio\/wp-content\/uploads\/2022\/01\/Blog-1.jpg\",\"width\":712,\"height\":200,\"caption\":\"Protocolo piel sensible\"},{\"@type\":\"BreadcrumbList\",\"@id\":\"https:\/\/apoderma.com\/inicio\/2022\/01\/31\/piel-sensible-como-reconocerla-y-cuidarla\/#breadcrumb\",\"itemListElement\":[{\"@type\":\"ListItem\",\"position\":1,\"name\":\"Portada\",\"item\":\"https:\/\/apoderma.com\/inicio\/\"},{\"@type\":\"ListItem\",\"position\":2,\"name\":\"Piel sensible: c\u00f3mo reconocerla y cuidarla\"}]},{\"@type\":\"WebSite\",\"@id\":\"https:\/\/apoderma.com\/inicio\/#website\",\"url\":\"https:\/\/apoderma.com\/inicio\/\",\"name\":\"Apo Derma Store\",\"description\":\"Venta de productos cosm\u00e9ticos\",\"potentialAction\":[{\"@type\":\"SearchAction\",\"target\":{\"@type\":\"EntryPoint\",\"urlTemplate\":\"https:\/\/apoderma.com\/inicio\/?s={search_term_string}\"},\"query-input\":{\"@type\":\"PropertyValueSpecification\",\"valueRequired\":true,\"valueName\":\"search_term_string\"}}],\"inLanguage\":\"es\"},{\"@type\":\"Person\",\"@id\":\"https:\/\/apoderma.com\/inicio\/#\/schema\/person\/231395f2a875f388aa375500bf3a2ca9\",\"name\":\"Cristina Prado Chinchilla\",\"image\":{\"@type\":\"ImageObject\",\"inLanguage\":\"es\",\"@id\":\"https:\/\/apoderma.com\/inicio\/#\/schema\/person\/image\/\",\"url\":\"https:\/\/secure.gravatar.com\/avatar\/ca39c36795aabda6606ba9598a72a06c70889db65f5489c85dd3e044d62db85e?s=96&d=mm&r=g\",\"contentUrl\":\"https:\/\/secure.gravatar.com\/avatar\/ca39c36795aabda6606ba9598a72a06c70889db65f5489c85dd3e044d62db85e?s=96&d=mm&r=g\",\"caption\":\"Cristina Prado Chinchilla\"},\"url\":\"https:\/\/apoderma.com\/inicio\/author\/cprado\/\"}]}<\/script>\n<!-- \/ Yoast SEO plugin. -->","yoast_head_json":{"title":"Piel sensible: c\u00f3mo reconocerla y cuidarla - Apo Derma Store","description":"La Dra. Cristina Prado brinda recomendaciones para cuidar la piel sensible. Conoce las caracter\u00edsticas, causas y cuidados de esta condici\u00f3n.","robots":{"index":"index","follow":"follow","max-snippet":"max-snippet:-1","max-image-preview":"max-image-preview:large","max-video-preview":"max-video-preview:-1"},"canonical":"https:\/\/apoderma.com\/inicio\/2022\/01\/31\/piel-sensible-como-reconocerla-y-cuidarla\/","og_locale":"es_ES","og_type":"article","og_title":"Piel sensible: c\u00f3mo reconocerla y cuidarla - Apo Derma Store","og_description":"La Dra. Cristina Prado brinda recomendaciones para cuidar la piel sensible. Conoce las caracter\u00edsticas, causas y cuidados de esta condici\u00f3n.","og_url":"https:\/\/apoderma.com\/inicio\/2022\/01\/31\/piel-sensible-como-reconocerla-y-cuidarla\/","og_site_name":"Apo Derma Store","article_published_time":"2022-01-31T16:38:37+00:00","article_modified_time":"2022-01-31T16:57:33+00:00","og_image":[{"width":712,"height":200,"url":"https:\/\/apoderma.com\/inicio\/wp-content\/uploads\/2022\/01\/Blog-1.jpg","type":"image\/jpeg"}],"author":"Cristina Prado Chinchilla","twitter_card":"summary_large_image","twitter_misc":{"Escrito por":"Cristina Prado Chinchilla","Tiempo de lectura":"4 minutos"},"schema":{"@context":"https:\/\/schema.org","@graph":[{"@type":"WebPage","@id":"https:\/\/apoderma.com\/inicio\/2022\/01\/31\/piel-sensible-como-reconocerla-y-cuidarla\/","url":"https:\/\/apoderma.com\/inicio\/2022\/01\/31\/piel-sensible-como-reconocerla-y-cuidarla\/","name":"Piel sensible: c\u00f3mo reconocerla y cuidarla - Apo Derma Store","isPartOf":{"@id":"https:\/\/apoderma.com\/inicio\/#website"},"primaryImageOfPage":{"@id":"https:\/\/apoderma.com\/inicio\/2022\/01\/31\/piel-sensible-como-reconocerla-y-cuidarla\/#primaryimage"},"image":{"@id":"https:\/\/apoderma.com\/inicio\/2022\/01\/31\/piel-sensible-como-reconocerla-y-cuidarla\/#primaryimage"},"thumbnailUrl":"https:\/\/apoderma.com\/inicio\/wp-content\/uploads\/2022\/01\/Blog-1.jpg","datePublished":"2022-01-31T16:38:37+00:00","dateModified":"2022-01-31T16:57:33+00:00","author":{"@id":"https:\/\/apoderma.com\/inicio\/#\/schema\/person\/231395f2a875f388aa375500bf3a2ca9"},"description":"La Dra. Cristina Prado brinda recomendaciones para cuidar la piel sensible. Conoce las caracter\u00edsticas, causas y cuidados de esta condici\u00f3n.","breadcrumb":{"@id":"https:\/\/apoderma.com\/inicio\/2022\/01\/31\/piel-sensible-como-reconocerla-y-cuidarla\/#breadcrumb"},"inLanguage":"es","potentialAction":[{"@type":"ReadAction","target":["https:\/\/apoderma.com\/inicio\/2022\/01\/31\/piel-sensible-como-reconocerla-y-cuidarla\/"]}]},{"@type":"ImageObject","inLanguage":"es","@id":"https:\/\/apoderma.com\/inicio\/2022\/01\/31\/piel-sensible-como-reconocerla-y-cuidarla\/#primaryimage","url":"https:\/\/apoderma.com\/inicio\/wp-content\/uploads\/2022\/01\/Blog-1.jpg","contentUrl":"https:\/\/apoderma.com\/inicio\/wp-content\/uploads\/2022\/01\/Blog-1.jpg","width":712,"height":200,"caption":"Protocolo piel sensible"},{"@type":"BreadcrumbList","@id":"https:\/\/apoderma.com\/inicio\/2022\/01\/31\/piel-sensible-como-reconocerla-y-cuidarla\/#breadcrumb","itemListElement":[{"@type":"ListItem","position":1,"name":"Portada","item":"https:\/\/apoderma.com\/inicio\/"},{"@type":"ListItem","position":2,"name":"Piel sensible: c\u00f3mo reconocerla y cuidarla"}]},{"@type":"WebSite","@id":"https:\/\/apoderma.com\/inicio\/#website","url":"https:\/\/apoderma.com\/inicio\/","name":"Apo Derma Store","description":"Venta de productos cosm\u00e9ticos","potentialAction":[{"@type":"SearchAction","target":{"@type":"EntryPoint","urlTemplate":"https:\/\/apoderma.com\/inicio\/?s={search_term_string}"},"query-input":{"@type":"PropertyValueSpecification","valueRequired":true,"valueName":"search_term_string"}}],"inLanguage":"es"},{"@type":"Person","@id":"https:\/\/apoderma.com\/inicio\/#\/schema\/person\/231395f2a875f388aa375500bf3a2ca9","name":"Cristina Prado Chinchilla","image":{"@type":"ImageObject","inLanguage":"es","@id":"https:\/\/apoderma.com\/inicio\/#\/schema\/person\/image\/","url":"https:\/\/secure.gravatar.com\/avatar\/ca39c36795aabda6606ba9598a72a06c70889db65f5489c85dd3e044d62db85e?s=96&d=mm&r=g","contentUrl":"https:\/\/secure.gravatar.com\/avatar\/ca39c36795aabda6606ba9598a72a06c70889db65f5489c85dd3e044d62db85e?s=96&d=mm&r=g","caption":"Cristina Prado Chinchilla"},"url":"https:\/\/apoderma.com\/inicio\/author\/cprado\/"}]}},"_links":{"self":[{"href":"https:\/\/apoderma.com\/inicio\/wp-json\/wp\/v2\/posts\/38684","targetHints":{"allow":["GET"]}}],"collection":[{"href":"https:\/\/apoderma.com\/inicio\/wp-json\/wp\/v2\/posts"}],"about":[{"href":"https:\/\/apoderma.com\/inicio\/wp-json\/wp\/v2\/types\/post"}],"author":[{"embeddable":true,"href":"https:\/\/apoderma.com\/inicio\/wp-json\/wp\/v2\/users\/12"}],"replies":[{"embeddable":true,"href":"https:\/\/apoderma.com\/inicio\/wp-json\/wp\/v2\/comments?post=38684"}],"version-history":[{"count":0,"href":"https:\/\/apoderma.com\/inicio\/wp-json\/wp\/v2\/posts\/38684\/revisions"}],"wp:featuredmedia":[{"embeddable":true,"href":"https:\/\/apoderma.com\/inicio\/wp-json\/wp\/v2\/media\/38685"}],"wp:attachment":[{"href":"https:\/\/apoderma.com\/inicio\/wp-json\/wp\/v2\/media?parent=38684"}],"wp:term":[{"taxonomy":"category","embeddable":true,"href":"https:\/\/apoderma.com\/inicio\/wp-json\/wp\/v2\/categories?post=38684"},{"taxonomy":"post_tag","embeddable":true,"href":"https:\/\/apoderma.com\/inicio\/wp-json\/wp\/v2\/tags?post=38684"}],"curies":[{"name":"wp","href":"https:\/\/api.w.org\/{rel}","templated":true}]}}