{"id":37935,"date":"2021-12-15T16:59:43","date_gmt":"2021-12-15T22:59:43","guid":{"rendered":"https:\/\/apoderma.com\/inicio\/?p=37935"},"modified":"2021-12-15T16:59:43","modified_gmt":"2021-12-15T22:59:43","slug":"cuidados-para-piel-seca","status":"publish","type":"post","link":"https:\/\/apoderma.com\/inicio\/2021\/12\/15\/cuidados-para-piel-seca\/","title":{"rendered":"Cuidados para piel seca"},"content":{"rendered":"<div class=\"wpb-content-wrapper\"><p>[vc_row][vc_column][vc_column_text]<\/p>\n<div class=\"\" data-block=\"true\" data-editor=\"1k0am\" data-offset-key=\"f1e3o-0-0\">\n<div class=\"_1mf _1mj\" data-offset-key=\"f1e3o-0-0\">\n<div class=\"kvgmc6g5 cxmmr5t8 oygrvhab hcukyx3x c1et5uql ii04i59q\">\n<div dir=\"auto\">La piel seca se divide en dos tipos de acuerdo con el origen de la sequedad:<\/div>\n<ol>\n<li dir=\"auto\"><strong>Piel al\u00edpica<\/strong>: piel que debe su sequedad a una disminuci\u00f3n de la secreci\u00f3n seb\u00e1cea, hay una deficiencia de l\u00edpidos y grasas naturales de la piel<\/li>\n<li dir=\"auto\"><strong>Piel deshidratada<\/strong>: piel seca que debe su condici\u00f3n a una deficiencia en la fase acuosa.<\/li>\n<\/ol>\n<\/div>\n<\/div>\n<div class=\"_1mf _1mj\" data-offset-key=\"f1e3o-0-0\">\n<div class=\"kvgmc6g5 cxmmr5t8 oygrvhab hcukyx3x c1et5uql ii04i59q\">En esta nota resumiremos las principales causas de cada subcategor\u00eda, cuidados y formulaciones recomendadas para cada caso.<\/div>\n<\/div>\n<div class=\"_1mf _1mj\" data-offset-key=\"f1e3o-0-0\">\n<div class=\"o9v6fnle cxmmr5t8 oygrvhab hcukyx3x c1et5uql ii04i59q\">\n<h3>Sequedad por deficiencia de grasas:<\/h3>\n<\/div>\n<\/div>\n<\/div>\n<p>La piel normal tiene un perfecto balance entre los componentes lip\u00eddicos y acuosos que secretan tanto las gl\u00e1ndulas seb\u00e1ceas como las sudor\u00edparas.<\/p>\n<p>En la Epidermis se forma una emulsi\u00f3n natural por la mezcla de l\u00edpidos y componentes acuosos, que\u00a0se conoce con el nombre de <span style=\"color: #800080;\"><strong>Manto hidrolip\u00eddico de la piel.<\/strong><\/span><\/p>\n<p>Dicha emulsi\u00f3n est\u00e1 compuesta por ceramidas, amino\u00e1cidos, entre otros que permiten mantener un balance perfecto de la flora microbiana de la Epidermis y los niveles \u00f3ptimos de humectaci\u00f3n.<\/p>\n<p>Bajo las condiciones anteriores, la funci\u00f3n barrera de la piel opera correctamente y la piel muestra signos de luminosidad, turgencia y elasticidad, caracter\u00edsticas de una piel sana.<\/p>\n<p>La <span style=\"color: #800080;\"><strong>piel al\u00edpica<\/strong><\/span> tiene una deficiencia en la secreci\u00f3n de las gl\u00e1ndulas seb\u00e1ceas. A\u00fan cuando la secreci\u00f3n acuosa sea la correcta no se logra formar la emulsi\u00f3n natural por lo que los signos caracter\u00edsticos de la sequedad se hacen presentes.<\/p>\n<p>La deficiencia puede ser por factores internos o por exposici\u00f3n a factores externos como el contacto con productos qu\u00edmicos que rompen las prote\u00ednas y disuelven las grasas naturales.<\/p>\n<h4>Apariencia de la piel al\u00edpica<\/h4>\n<p>Por la deficiencia de grasa la piel se torna fr\u00e1gil al no tener la emoliencia natural.<\/p>\n<p>Es frecuente que est\u00e9 presente la condici\u00f3n de rojeces, descamaci\u00f3n y fragilidad vascular.<\/p>\n<p>En casos de <span style=\"color: #800080;\"><strong>Ros\u00e1cea<\/strong> <\/span>cuando la funci\u00f3n barrera est\u00e1 muy afectada y adem\u00e1s la microbiota tambi\u00e9n est\u00e1 alterada, es frecuente la presencia de p\u00fastulas.<\/p>\n<p>Si la evaluaci\u00f3n del tipo y condici\u00f3n de piel no es realizada por parte de un profesional id\u00f3neo, podr\u00eda confundirse con acn\u00e9 y utilizar productos para esa condici\u00f3n que resultan contraindicados para una piel al\u00edpica.<\/p>\n<h4>Recomendaciones para la piel al\u00edpica:<\/h4>\n<p>El protocolo de cuidado de este tipo de piel debe definirse considerando condiciones secundarias que est\u00e9n presentes. De forma general se debe tener:<\/p>\n<ol>\n<li><strong><span style=\"color: #800080;\">Limpieza efectiva pero respetuosa con la condici\u00f3n<\/span><\/strong>: con agentes de limpieza que no remueven ceramidas y prote\u00ednas de la piel. Productos que incluyan emolientes. Limpieza sin aclarado como los bif\u00e1sicos, limpiadores en base aceite y lociones limpiadoras son buenas opciones.<\/li>\n<li><strong><span style=\"color: #800080;\">Cremas y lociones para piel seca<\/span><\/strong>: las formulaciones crema o emulsi\u00f3n contienen activos y excipientes con <strong>propiedades emolientes<\/strong>. Las formulaciones con mezclas de aceites vegetales, factores naturales de hidrataci\u00f3n y activos regenerantes son los ideales para esta condici\u00f3n.<\/li>\n<li><span style=\"color: #800080;\"><strong>Fotoprotecci\u00f3n<\/strong><\/span>: se requiere muy alta protecci\u00f3n considerando que la funci\u00f3n barrera de la piel est\u00e1 disminuida. Las formulaciones en crema y aceite van muy bien en estos casos.<\/li>\n<li><span style=\"color: #800080;\"><strong>Protecci\u00f3n ante agentes externos<\/strong><\/span>: principalmente el efecto de agentes qu\u00edmicos como detergentes, materiales para la construcci\u00f3n, entre otros. Existen en el mercado productos con que brindan un recubrimiento protector y aislante de la piel, las cremas con glicerina y silicona son un ejemplo.<\/li>\n<\/ol>\n<h3>Sequedad por deshidrataci\u00f3n o deficiencia en la capa acuosa<\/h3>\n<p>En este caso la secreci\u00f3n grasa puede ser la correcta pero con una capa acuosa deficientes por diferentes causas:<\/p>\n<ol>\n<li><strong><span style=\"color: #800080;\">Factores internos<\/span><\/strong>: condiciones que favorecen la p\u00e9rdida de agua interna por una d\u00e9bil funci\u00f3n barrera de la piel como es el caso del adelgazamiento de la piel en ancianos, cambios hormonales y algunos tratamientos farmacol\u00f3gicos cr\u00f3nicos.<\/li>\n<li><span style=\"color: #800080;\"><strong>Factores externos<\/strong><\/span>: exposici\u00f3n a condiciones ambientales que favorecen la evaporaci\u00f3n del sudor como son el <span style=\"color: #800080;\">clima c\u00e1lido<\/span>, el <span style=\"color: #800080;\">viento<\/span> o inclusive sistemas <span style=\"color: #800080;\">aire acondicionado y calefacci\u00f3n<\/span>.<\/li>\n<\/ol>\n<h4>Apariencia de la piel deshidratada<\/h4>\n<p>La piel deshidratada se torna <span style=\"color: #800080;\">opaca<\/span>, puede presentar <span style=\"color: #800080;\">descamaciones<\/span> y <span style=\"color: #800080;\">pliegues<\/span> que parecen finas l\u00edneas de expresi\u00f3n cuando en realidad no lo son.<\/p>\n<h4>Recomendaciones para la piel deshidratada:<\/h4>\n<p>Entre las consideraciones o cuidados que debe seguir son<\/p>\n<ol>\n<li><span style=\"color: #800080;\"><strong>Limpieza efectiva y respetuosa con la piel<\/strong><\/span>: formulaciones con agentes de limpieza que respetan el manto hidrolip\u00eddico y que incluyen agentes hidratantes como <span style=\"color: #800080;\">\u00c1cido hialur\u00f3nico, Aloe vera y Glicerina, <\/span>entre otros.<\/li>\n<li><span style=\"color: #800080;\"><strong>Hidratantes<\/strong><\/span>: las formulaciones con base acuosa con activos hidratantes son las opciones recomendadas. Las formas recomendadas son las emulsiones acuosas o <span style=\"color: #800080;\">fluidos, sueros, gel y crema-gel<\/span> que permitan la r\u00e1pida absorci\u00f3n de activos como el <span style=\"color: #800080;\">\u00c1cido hialur\u00f3nico, \u00c1cido glic\u00f3lico a dosis bajas, Glicerina y Factores naturales de hidrataci\u00f3n<\/span>.<\/li>\n<li><span style=\"color: #800080;\"><strong>Formulaciones oclusivas<\/strong><\/span>: en casos donde la causa de la sequedad est\u00e1 claramente relacionada con p\u00e9rdida de agua interna se pueden emplear productos oclusivos con bases oleosas.<\/li>\n<li><span style=\"color: #800080;\"><strong>Protecci\u00f3n de factores externos<\/strong><\/span>: evitar la exposici\u00f3n directa o indirecta al sol, a\u00fan cuando se utiliza muy alta protecci\u00f3n solar la exposici\u00f3n a las altas temperaturas favorece la p\u00e9rdida de agua.<\/li>\n<\/ol>\n<p style=\"padding-left: 40px;\">Los <span style=\"color: #800080;\">climas fr\u00edos<\/span> y las <span style=\"color: #800080;\">corrientes de aire seco<\/span> tambi\u00e9n favorecen la deshidrataci\u00f3n y sequedad.<\/p>\n<h3>Recomendaciones generales para piel seca:<\/h3>\n<p>Ya sea por carencia de grasa, l\u00edpidos y ceramidas o por deficiencia de la capa acuosa, la piel seca debe ser tratada para evitar el progreso a piel muy seca.<\/p>\n<p>La presencia de signos como <span style=\"color: #800080;\">picor, descamaci\u00f3n, agrietamiento, proliferaci\u00f3n de microorganismos pat\u00f3genos<\/span> y otras afecciones que pueden requerir el tratamiento farmacol\u00f3gico.<\/p>\n<p>Un diagn\u00f3stico oportuno y correcto permite el uso de productos dermocosm\u00e9ticos que mejoren las condiciones ya mencionadas en la piel seca.<\/p>\n<p>Si tienes alguna consulta sobre este tema y como establecer tu rutina de cuidado no dudes en escribirme, siempre ser\u00e1 un gusto colaborar con el cuidado de la piel de nuestros lectores.<\/p>\n<p><span style=\"color: #800080;\"><strong><a style=\"color: #800080;\" href=\"https:\/\/www.linkedin.com\/in\/cristina-prado-farmaceutica\/\">Dra. Cristina Prado<\/a><\/strong><\/span><\/p>\n<p>Farmac\u00e9utica fundadora de ApoDerma Store<\/p>\n<div class=\"\" data-block=\"true\" data-editor=\"1k0am\" data-offset-key=\"9aklq-0-0\">\n<div class=\"_1mf _1mj\" data-offset-key=\"9aklq-0-0\"><span style=\"color: #800080;\"><strong> <a style=\"color: #800080;\" href=\"mailto:consultas@apoderma.com\">consultas@apoderma.com<\/a><\/strong><\/span><\/div>\n<\/div>\n<p>[\/vc_column_text]<div id=\"la_divider69f4b228d1851\" class=\"js-el la-divider la-unit-responsive\" data-la_component=\"UnitResponsive\"  data-el_target='#la_divider69f4b228d1851'  data-el_media_sizes='{&quot;padding-top&quot;:&quot;lg:22px;&quot;}' ><\/div>\n[\/vc_column][\/vc_row]<\/p>\n<\/div>","protected":false},"excerpt":{"rendered":"<p>[vc_row][vc_column][vc_column_text] La piel seca se divide en dos tipos de acuerdo con el origen de&hellip;<\/p>\n","protected":false},"author":12,"featured_media":38637,"comment_status":"open","ping_status":"open","sticky":false,"template":"","format":"standard","meta":{"_glsr_average":0,"_glsr_ranking":0,"_glsr_reviews":0,"footnotes":""},"categories":[247],"tags":[283],"class_list":["post-37935","post","type-post","status-publish","format-standard","has-post-thumbnail","hentry","category-consejos-para-cuidar-la-piel","tag-piel-seca"],"yoast_head":"<!-- This site is optimized with the Yoast SEO plugin v25.3.1 - https:\/\/yoast.com\/wordpress\/plugins\/seo\/ -->\n<title>Cuidados para piel seca - Apo Derma Store<\/title>\n<meta name=\"description\" content=\"Causas de la sequedad de la piel, manifestaciones f\u00edsicas de la piel seca y recomendaciones para su cuidado desde la Dermocosm\u00e9tica.\" \/>\n<meta name=\"robots\" content=\"index, follow, max-snippet:-1, max-image-preview:large, max-video-preview:-1\" \/>\n<link rel=\"canonical\" href=\"https:\/\/apoderma.com\/inicio\/2021\/12\/15\/cuidados-para-piel-seca\/\" \/>\n<meta property=\"og:locale\" content=\"es_ES\" \/>\n<meta property=\"og:type\" content=\"article\" \/>\n<meta property=\"og:title\" content=\"Cuidados para piel seca - Apo Derma Store\" \/>\n<meta property=\"og:description\" content=\"Causas de la sequedad de la piel, manifestaciones f\u00edsicas de la piel seca y recomendaciones para su cuidado desde la Dermocosm\u00e9tica.\" \/>\n<meta property=\"og:url\" content=\"https:\/\/apoderma.com\/inicio\/2021\/12\/15\/cuidados-para-piel-seca\/\" \/>\n<meta property=\"og:site_name\" content=\"Apo Derma Store\" \/>\n<meta property=\"article:published_time\" content=\"2021-12-15T22:59:43+00:00\" \/>\n<meta property=\"og:image\" content=\"https:\/\/apoderma.com\/inicio\/wp-content\/uploads\/2021\/12\/Piel-seca.jpg\" \/>\n\t<meta property=\"og:image:width\" content=\"712\" \/>\n\t<meta property=\"og:image:height\" content=\"400\" \/>\n\t<meta property=\"og:image:type\" content=\"image\/jpeg\" \/>\n<meta name=\"author\" content=\"Cristina Prado Chinchilla\" \/>\n<meta name=\"twitter:card\" content=\"summary_large_image\" \/>\n<meta name=\"twitter:label1\" content=\"Escrito por\" \/>\n\t<meta name=\"twitter:data1\" content=\"Cristina Prado Chinchilla\" \/>\n\t<meta name=\"twitter:label2\" content=\"Tiempo de lectura\" \/>\n\t<meta name=\"twitter:data2\" content=\"5 minutos\" \/>\n<script type=\"application\/ld+json\" class=\"yoast-schema-graph\">{\"@context\":\"https:\/\/schema.org\",\"@graph\":[{\"@type\":\"WebPage\",\"@id\":\"https:\/\/apoderma.com\/inicio\/2021\/12\/15\/cuidados-para-piel-seca\/\",\"url\":\"https:\/\/apoderma.com\/inicio\/2021\/12\/15\/cuidados-para-piel-seca\/\",\"name\":\"Cuidados para piel seca - Apo Derma Store\",\"isPartOf\":{\"@id\":\"https:\/\/apoderma.com\/inicio\/#website\"},\"primaryImageOfPage\":{\"@id\":\"https:\/\/apoderma.com\/inicio\/2021\/12\/15\/cuidados-para-piel-seca\/#primaryimage\"},\"image\":{\"@id\":\"https:\/\/apoderma.com\/inicio\/2021\/12\/15\/cuidados-para-piel-seca\/#primaryimage\"},\"thumbnailUrl\":\"https:\/\/apoderma.com\/inicio\/wp-content\/uploads\/2021\/12\/Piel-seca.jpg\",\"datePublished\":\"2021-12-15T22:59:43+00:00\",\"author\":{\"@id\":\"https:\/\/apoderma.com\/inicio\/#\/schema\/person\/231395f2a875f388aa375500bf3a2ca9\"},\"description\":\"Causas de la sequedad de la piel, manifestaciones f\u00edsicas de la piel seca y recomendaciones para su cuidado desde la Dermocosm\u00e9tica.\",\"breadcrumb\":{\"@id\":\"https:\/\/apoderma.com\/inicio\/2021\/12\/15\/cuidados-para-piel-seca\/#breadcrumb\"},\"inLanguage\":\"es\",\"potentialAction\":[{\"@type\":\"ReadAction\",\"target\":[\"https:\/\/apoderma.com\/inicio\/2021\/12\/15\/cuidados-para-piel-seca\/\"]}]},{\"@type\":\"ImageObject\",\"inLanguage\":\"es\",\"@id\":\"https:\/\/apoderma.com\/inicio\/2021\/12\/15\/cuidados-para-piel-seca\/#primaryimage\",\"url\":\"https:\/\/apoderma.com\/inicio\/wp-content\/uploads\/2021\/12\/Piel-seca.jpg\",\"contentUrl\":\"https:\/\/apoderma.com\/inicio\/wp-content\/uploads\/2021\/12\/Piel-seca.jpg\",\"width\":712,\"height\":400,\"caption\":\"Piel seca\"},{\"@type\":\"BreadcrumbList\",\"@id\":\"https:\/\/apoderma.com\/inicio\/2021\/12\/15\/cuidados-para-piel-seca\/#breadcrumb\",\"itemListElement\":[{\"@type\":\"ListItem\",\"position\":1,\"name\":\"Portada\",\"item\":\"https:\/\/apoderma.com\/inicio\/\"},{\"@type\":\"ListItem\",\"position\":2,\"name\":\"Cuidados para piel seca\"}]},{\"@type\":\"WebSite\",\"@id\":\"https:\/\/apoderma.com\/inicio\/#website\",\"url\":\"https:\/\/apoderma.com\/inicio\/\",\"name\":\"Apo Derma Store\",\"description\":\"Venta de productos cosm\u00e9ticos\",\"potentialAction\":[{\"@type\":\"SearchAction\",\"target\":{\"@type\":\"EntryPoint\",\"urlTemplate\":\"https:\/\/apoderma.com\/inicio\/?s={search_term_string}\"},\"query-input\":{\"@type\":\"PropertyValueSpecification\",\"valueRequired\":true,\"valueName\":\"search_term_string\"}}],\"inLanguage\":\"es\"},{\"@type\":\"Person\",\"@id\":\"https:\/\/apoderma.com\/inicio\/#\/schema\/person\/231395f2a875f388aa375500bf3a2ca9\",\"name\":\"Cristina Prado Chinchilla\",\"image\":{\"@type\":\"ImageObject\",\"inLanguage\":\"es\",\"@id\":\"https:\/\/apoderma.com\/inicio\/#\/schema\/person\/image\/\",\"url\":\"https:\/\/secure.gravatar.com\/avatar\/ca39c36795aabda6606ba9598a72a06c70889db65f5489c85dd3e044d62db85e?s=96&d=mm&r=g\",\"contentUrl\":\"https:\/\/secure.gravatar.com\/avatar\/ca39c36795aabda6606ba9598a72a06c70889db65f5489c85dd3e044d62db85e?s=96&d=mm&r=g\",\"caption\":\"Cristina Prado Chinchilla\"},\"url\":\"https:\/\/apoderma.com\/inicio\/author\/cprado\/\"}]}<\/script>\n<!-- \/ Yoast SEO plugin. -->","yoast_head_json":{"title":"Cuidados para piel seca - Apo Derma Store","description":"Causas de la sequedad de la piel, manifestaciones f\u00edsicas de la piel seca y recomendaciones para su cuidado desde la Dermocosm\u00e9tica.","robots":{"index":"index","follow":"follow","max-snippet":"max-snippet:-1","max-image-preview":"max-image-preview:large","max-video-preview":"max-video-preview:-1"},"canonical":"https:\/\/apoderma.com\/inicio\/2021\/12\/15\/cuidados-para-piel-seca\/","og_locale":"es_ES","og_type":"article","og_title":"Cuidados para piel seca - Apo Derma Store","og_description":"Causas de la sequedad de la piel, manifestaciones f\u00edsicas de la piel seca y recomendaciones para su cuidado desde la Dermocosm\u00e9tica.","og_url":"https:\/\/apoderma.com\/inicio\/2021\/12\/15\/cuidados-para-piel-seca\/","og_site_name":"Apo Derma Store","article_published_time":"2021-12-15T22:59:43+00:00","og_image":[{"width":712,"height":400,"url":"https:\/\/apoderma.com\/inicio\/wp-content\/uploads\/2021\/12\/Piel-seca.jpg","type":"image\/jpeg"}],"author":"Cristina Prado Chinchilla","twitter_card":"summary_large_image","twitter_misc":{"Escrito por":"Cristina Prado Chinchilla","Tiempo de lectura":"5 minutos"},"schema":{"@context":"https:\/\/schema.org","@graph":[{"@type":"WebPage","@id":"https:\/\/apoderma.com\/inicio\/2021\/12\/15\/cuidados-para-piel-seca\/","url":"https:\/\/apoderma.com\/inicio\/2021\/12\/15\/cuidados-para-piel-seca\/","name":"Cuidados para piel seca - Apo Derma Store","isPartOf":{"@id":"https:\/\/apoderma.com\/inicio\/#website"},"primaryImageOfPage":{"@id":"https:\/\/apoderma.com\/inicio\/2021\/12\/15\/cuidados-para-piel-seca\/#primaryimage"},"image":{"@id":"https:\/\/apoderma.com\/inicio\/2021\/12\/15\/cuidados-para-piel-seca\/#primaryimage"},"thumbnailUrl":"https:\/\/apoderma.com\/inicio\/wp-content\/uploads\/2021\/12\/Piel-seca.jpg","datePublished":"2021-12-15T22:59:43+00:00","author":{"@id":"https:\/\/apoderma.com\/inicio\/#\/schema\/person\/231395f2a875f388aa375500bf3a2ca9"},"description":"Causas de la sequedad de la piel, manifestaciones f\u00edsicas de la piel seca y recomendaciones para su cuidado desde la Dermocosm\u00e9tica.","breadcrumb":{"@id":"https:\/\/apoderma.com\/inicio\/2021\/12\/15\/cuidados-para-piel-seca\/#breadcrumb"},"inLanguage":"es","potentialAction":[{"@type":"ReadAction","target":["https:\/\/apoderma.com\/inicio\/2021\/12\/15\/cuidados-para-piel-seca\/"]}]},{"@type":"ImageObject","inLanguage":"es","@id":"https:\/\/apoderma.com\/inicio\/2021\/12\/15\/cuidados-para-piel-seca\/#primaryimage","url":"https:\/\/apoderma.com\/inicio\/wp-content\/uploads\/2021\/12\/Piel-seca.jpg","contentUrl":"https:\/\/apoderma.com\/inicio\/wp-content\/uploads\/2021\/12\/Piel-seca.jpg","width":712,"height":400,"caption":"Piel seca"},{"@type":"BreadcrumbList","@id":"https:\/\/apoderma.com\/inicio\/2021\/12\/15\/cuidados-para-piel-seca\/#breadcrumb","itemListElement":[{"@type":"ListItem","position":1,"name":"Portada","item":"https:\/\/apoderma.com\/inicio\/"},{"@type":"ListItem","position":2,"name":"Cuidados para piel seca"}]},{"@type":"WebSite","@id":"https:\/\/apoderma.com\/inicio\/#website","url":"https:\/\/apoderma.com\/inicio\/","name":"Apo Derma Store","description":"Venta de productos cosm\u00e9ticos","potentialAction":[{"@type":"SearchAction","target":{"@type":"EntryPoint","urlTemplate":"https:\/\/apoderma.com\/inicio\/?s={search_term_string}"},"query-input":{"@type":"PropertyValueSpecification","valueRequired":true,"valueName":"search_term_string"}}],"inLanguage":"es"},{"@type":"Person","@id":"https:\/\/apoderma.com\/inicio\/#\/schema\/person\/231395f2a875f388aa375500bf3a2ca9","name":"Cristina Prado Chinchilla","image":{"@type":"ImageObject","inLanguage":"es","@id":"https:\/\/apoderma.com\/inicio\/#\/schema\/person\/image\/","url":"https:\/\/secure.gravatar.com\/avatar\/ca39c36795aabda6606ba9598a72a06c70889db65f5489c85dd3e044d62db85e?s=96&d=mm&r=g","contentUrl":"https:\/\/secure.gravatar.com\/avatar\/ca39c36795aabda6606ba9598a72a06c70889db65f5489c85dd3e044d62db85e?s=96&d=mm&r=g","caption":"Cristina Prado Chinchilla"},"url":"https:\/\/apoderma.com\/inicio\/author\/cprado\/"}]}},"_links":{"self":[{"href":"https:\/\/apoderma.com\/inicio\/wp-json\/wp\/v2\/posts\/37935","targetHints":{"allow":["GET"]}}],"collection":[{"href":"https:\/\/apoderma.com\/inicio\/wp-json\/wp\/v2\/posts"}],"about":[{"href":"https:\/\/apoderma.com\/inicio\/wp-json\/wp\/v2\/types\/post"}],"author":[{"embeddable":true,"href":"https:\/\/apoderma.com\/inicio\/wp-json\/wp\/v2\/users\/12"}],"replies":[{"embeddable":true,"href":"https:\/\/apoderma.com\/inicio\/wp-json\/wp\/v2\/comments?post=37935"}],"version-history":[{"count":0,"href":"https:\/\/apoderma.com\/inicio\/wp-json\/wp\/v2\/posts\/37935\/revisions"}],"wp:featuredmedia":[{"embeddable":true,"href":"https:\/\/apoderma.com\/inicio\/wp-json\/wp\/v2\/media\/38637"}],"wp:attachment":[{"href":"https:\/\/apoderma.com\/inicio\/wp-json\/wp\/v2\/media?parent=37935"}],"wp:term":[{"taxonomy":"category","embeddable":true,"href":"https:\/\/apoderma.com\/inicio\/wp-json\/wp\/v2\/categories?post=37935"},{"taxonomy":"post_tag","embeddable":true,"href":"https:\/\/apoderma.com\/inicio\/wp-json\/wp\/v2\/tags?post=37935"}],"curies":[{"name":"wp","href":"https:\/\/api.w.org\/{rel}","templated":true}]}}