{"id":36193,"date":"2021-10-20T15:38:24","date_gmt":"2021-10-20T21:38:24","guid":{"rendered":"https:\/\/apoderma.com\/inicio\/?p=36193"},"modified":"2021-10-20T15:38:24","modified_gmt":"2021-10-20T21:38:24","slug":"la-piel-de-la-persona-adulta-mayor","status":"publish","type":"post","link":"https:\/\/apoderma.com\/inicio\/2021\/10\/20\/la-piel-de-la-persona-adulta-mayor\/","title":{"rendered":"La piel de la persona adulta mayor"},"content":{"rendered":"<div class=\"wpb-content-wrapper\"><p>[vc_row][vc_column][vc_column_text]<\/p>\n<div class=\"\" data-block=\"true\" data-editor=\"1k0am\" data-offset-key=\"f1e3o-0-0\">\n<div class=\"_1mf _1mj\" data-offset-key=\"f1e3o-0-0\">\n<div class=\"kvgmc6g5 cxmmr5t8 oygrvhab hcukyx3x c1et5uql ii04i59q\">\n<div dir=\"auto\"><\/div>\n<\/div>\n<\/div>\n<div class=\"_1mf _1mj\" data-offset-key=\"f1e3o-0-0\">\n<div class=\"kvgmc6g5 cxmmr5t8 oygrvhab hcukyx3x c1et5uql ii04i59q\">\n<div dir=\"auto\">El cuidado de la piel de la persona adulta mayor es fundamental para su calidad de vida y bienestar integral.<\/div>\n<div dir=\"auto\">En esta nota analizamos cambios que vienen con la edad y consejos para mantener la piel en el mejor estado posible a cualquier edad.<\/div>\n<\/div>\n<div dir=\"auto\"><\/div>\n<div class=\"o9v6fnle cxmmr5t8 oygrvhab hcukyx3x c1et5uql ii04i59q\">\n<h3 dir=\"auto\">Los cambios que vienen con la edad:<\/h3>\n<\/div>\n<\/div>\n<\/div>\n<p>Conforme avanzamos en la edad cronol\u00f3gica la estructura de la piel se modifica.<\/p>\n<p>Los cambios en las estructuras celulares se manifiestan de forma visible con la presencia de signos como flacidez, pigmentaciones oscuras, p\u00e9rdida del grosor, presencia de l\u00edneas de expresi\u00f3n, entre otros signos.<\/p>\n<p>A partir de los 60 a\u00f1os los cambios en la funci\u00f3n barrera de la piel y otras alteraciones impactan en el estado de salud integral del paciente, al combinarse con patolog\u00edas sist\u00e9micas y cambios en los h\u00e1bitos de vida diarios.<\/p>\n<p>El estilo de vida en las etapas previas se manifiestan en la edad adulta. Por ejemplo,la exposici\u00f3n a la radiaci\u00f3n solar se transforma en presencia de manchas principalmente en extremidades y rostro.<\/p>\n<p>La piel se torna cada vez m\u00e1s delgada y delicada con mayor sensibilidad a productos qu\u00edmicos y a factores mec\u00e1nicos.<\/p>\n<p>La p\u00e9rdida de elasticidad de la piel viene tambi\u00e9n acompa\u00f1ada con cambios en las necesidades de hidrataci\u00f3n.<\/p>\n<p>Lo anterior hace que la rutina de cuidado, los productos usados as\u00ed como los h\u00e1bitos alimenticios y estilo de vida deban adaptarse a nuevos requerimientos.<\/p>\n<h4><a href=\"https:\/\/apoderma.com\/inicio\/categoria-producto\/rostro\/proteccion-solar\/\">Necesidad de Fotoprotecci\u00f3n<\/a>:<\/h4>\n<p>En la edad adulta la piel es cada vez m\u00e1s sensible a la radiaci\u00f3n solar, por lo que usar fotoprotecci\u00f3n alta y muy alta es necesaria durante todo el a\u00f1o.<\/p>\n<p>El ejercicio f\u00edsico por las ma\u00f1anas es parte de los h\u00e1bitos de vida saludable recomendados para las personas mayores.<\/p>\n<p>Cualquier actividad al aire libre siempre debe estar acompa\u00f1ada de Fotoprotecci\u00f3n adecuada.<\/p>\n<p>Para pacientes con movilidad limitada los cuales dependen en gran medida de cuidadores y personal sanitario para su atenci\u00f3n, es frecuente incluir recorridos exteriores que tambi\u00e9n deben procurar Fotoprotecci\u00f3n con vestimenta o filtros solares adecuados.<\/p>\n<p>La presencia de lesiones en piel como costras, manchas con cambios evidentes deben ser motivo para consulta con el especialista para su correcta evaluaci\u00f3n.<\/p>\n<h4><span class=\"text_exposed_show\"><a href=\"https:\/\/apoderma.com\/inicio\/categoria-producto\/cuerpo\/\">Higiene diaria:<\/a><\/span><\/h4>\n<p>Los cambios celulares junto con la presencia de patolog\u00edas sist\u00e9micas como Diabetes, cambios hormonales postmenopausia, factores gen\u00e9ticos pueden hacer que la piel se torne m\u00e1s sensible y delicada.<\/p>\n<p>Los productos utilizados para la higiene diaria tanto de rostro, cuerpo como zonas \u00edntimas deben adecuarse a las nuevas condiciones.<\/p>\n<p>Es frecuente la p\u00e9rdida de l\u00edpidos y ceramidas naturales que recubren la capa m\u00e1s\u00a0 externa de la Epidermis.<\/p>\n<p>Es recomendable el uso de agentes de limpieza suaves que contengan ingredientes hidratantes y emolientes en la misma formulaci\u00f3n.<\/p>\n<p>El pH de la piel tambi\u00e9n presenta modificaciones por lo que los productos seleccionados deben estar acordes con el pH de cada zona.<\/p>\n<h4><a href=\"https:\/\/apoderma.com\/inicio\/categoria-producto\/cuerpo\/hidratacion-corporal\/\">Hidrataci\u00f3n y humectaci\u00f3n:<\/a><\/h4>\n<p>La p\u00e9rdida de l\u00edpidos y ceramidas hace que la piel se vuelva seca, en ocasiones hay descamaci\u00f3n, tirantez y picor generando un estado disconfort general.<\/p>\n<p>La piel cada vez m\u00e1s delgada\u00a0 permite la p\u00e9rdida transd\u00e9rmica de agua, por lo que adem\u00e1s de piel seca podemos tener necesidades adicionales de hidrataci\u00f3n.<\/p>\n<p>Para seleccionar el producto adecuado se debe evaluar las necesidades espec\u00edficas de cada persona o paciente, esto para definir si los signos de resequedad es por:<\/p>\n<ol>\n<li>Ausencia de grasa (l\u00edpidos y ceramidas)<\/li>\n<li>Deshidrataci\u00f3n<\/li>\n<li>Reacci\u00f3n a productos o agentes externos.<\/li>\n<\/ol>\n<h4>Alteraciones en la funci\u00f3n barrera:<\/h4>\n<p>La piel es la principal protecci\u00f3n del ser humano ante agentes externos como la radiaci\u00f3n solar, agentes mec\u00e1nicos, qu\u00edmicos y microbiol\u00f3gicos.<\/p>\n<p>Cuando esta funci\u00f3n barrera est\u00e1 debilitada como es el caso de las personas adultas mayores se pueden tener diferentes consecuencias como:<\/p>\n<ol>\n<li>Infecciones microbianas: principalmente por hongos y levaduras en zonas que mantienen humedad por poca ventilaci\u00f3n, pliegues y oclusi\u00f3n.<\/li>\n<li>Lesiones por efecto mec\u00e1nico: la p\u00e9rdida de la capacidad el\u00e1stica de la piel la hacen m\u00e1s fr\u00e1gil ante golpes, rosaduras y presi\u00f3n.<\/li>\n<li>Disminuci\u00f3n de la capacidad de regeneraci\u00f3n: se manifiesta como dificultad para la cicatrizaci\u00f3n<\/li>\n<\/ol>\n<p>Mantener el equilibrio hidrolip\u00eddico, evitar rosaduras y presi\u00f3n mec\u00e1nica son los principales cuidados a considerar cuando la funci\u00f3n barrera es d\u00e9bil.<\/p>\n<p>Por \u00faltimo, debemos recordar que la piel como \u00f3rgano posee receptores que env\u00edan se\u00f1ales el\u00e9ctricas al cerebro.<\/p>\n<p>El contacto f\u00edsico siempre ser\u00e1 una de las mejores formas de mantener la comunicaci\u00f3n y expresar afecto con pacientes en los que los dem\u00e1s sentidos puedan estar afectados por la edad o alguna otra condici\u00f3n.<\/p>\n<p>Si deseas m\u00e1s informaci\u00f3n sobre este tema, escribe a <a href=\"mailto:consultas@apoderma.com\">consultas@apoderma.com<\/a>.<\/p>\n<h4><a href=\"https:\/\/www.linkedin.com\/in\/cristina-prado-farmaceutica\/\">Dra. Cristina Prado<\/a><\/h4>\n<p>Farmac\u00e9utica y\u00a0M\u00e1ster en Dermocosm\u00e9tica<\/p>\n<p><a href=\"https:\/\/apoderma.com\/inicio\/quienes-somos\/\">Fundadora de ApoDerma Store<\/a>[\/vc_column_text]<div id=\"la_divider69f4b283be302\" class=\"js-el la-divider la-unit-responsive\" data-la_component=\"UnitResponsive\"  data-el_target='#la_divider69f4b283be302'  data-el_media_sizes='{&quot;padding-top&quot;:&quot;lg:22px;&quot;}' ><\/div>\n[\/vc_column][\/vc_row]<\/p>\n<\/div>","protected":false},"excerpt":{"rendered":"<p>[vc_row][vc_column][vc_column_text] El cuidado de la piel de la persona adulta mayor es fundamental para su&hellip;<\/p>\n","protected":false},"author":12,"featured_media":36194,"comment_status":"open","ping_status":"open","sticky":false,"template":"","format":"standard","meta":{"_glsr_average":0,"_glsr_ranking":0,"_glsr_reviews":0,"footnotes":""},"categories":[247],"tags":[265,266],"class_list":["post-36193","post","type-post","status-publish","format-standard","has-post-thumbnail","hentry","category-consejos-para-cuidar-la-piel","tag-adulto-mayor","tag-piel-sensible"],"yoast_head":"<!-- This site is optimized with the Yoast SEO plugin v25.3.1 - https:\/\/yoast.com\/wordpress\/plugins\/seo\/ -->\n<title>La piel de la persona adulta mayor - Apo Derma Store<\/title>\n<meta name=\"description\" content=\"Caracter\u00edsticas de la piel de la persona adulta mayor y consejos para su cuidado. Blog de consejos para el cuidado de la piel. ApoDerma Store.\" \/>\n<meta name=\"robots\" content=\"index, follow, max-snippet:-1, max-image-preview:large, max-video-preview:-1\" \/>\n<link rel=\"canonical\" href=\"https:\/\/apoderma.com\/inicio\/2021\/10\/20\/la-piel-de-la-persona-adulta-mayor\/\" \/>\n<meta property=\"og:locale\" content=\"es_ES\" \/>\n<meta property=\"og:type\" content=\"article\" \/>\n<meta property=\"og:title\" content=\"La piel de la persona adulta mayor - Apo Derma Store\" \/>\n<meta property=\"og:description\" content=\"Caracter\u00edsticas de la piel de la persona adulta mayor y consejos para su cuidado. Blog de consejos para el cuidado de la piel. ApoDerma Store.\" \/>\n<meta property=\"og:url\" content=\"https:\/\/apoderma.com\/inicio\/2021\/10\/20\/la-piel-de-la-persona-adulta-mayor\/\" \/>\n<meta property=\"og:site_name\" content=\"Apo Derma Store\" \/>\n<meta property=\"article:published_time\" content=\"2021-10-20T21:38:24+00:00\" \/>\n<meta property=\"og:image\" content=\"https:\/\/apoderma.com\/inicio\/wp-content\/uploads\/2021\/10\/Adulto-mayor.jpg\" \/>\n\t<meta property=\"og:image:width\" content=\"712\" \/>\n\t<meta property=\"og:image:height\" content=\"400\" \/>\n\t<meta property=\"og:image:type\" content=\"image\/jpeg\" \/>\n<meta name=\"author\" content=\"Cristina Prado Chinchilla\" \/>\n<meta name=\"twitter:card\" content=\"summary_large_image\" \/>\n<meta name=\"twitter:label1\" content=\"Escrito por\" \/>\n\t<meta name=\"twitter:data1\" content=\"Cristina Prado Chinchilla\" \/>\n\t<meta name=\"twitter:label2\" content=\"Tiempo de lectura\" \/>\n\t<meta name=\"twitter:data2\" content=\"4 minutos\" \/>\n<script type=\"application\/ld+json\" class=\"yoast-schema-graph\">{\"@context\":\"https:\/\/schema.org\",\"@graph\":[{\"@type\":\"WebPage\",\"@id\":\"https:\/\/apoderma.com\/inicio\/2021\/10\/20\/la-piel-de-la-persona-adulta-mayor\/\",\"url\":\"https:\/\/apoderma.com\/inicio\/2021\/10\/20\/la-piel-de-la-persona-adulta-mayor\/\",\"name\":\"La piel de la persona adulta mayor - Apo Derma Store\",\"isPartOf\":{\"@id\":\"https:\/\/apoderma.com\/inicio\/#website\"},\"primaryImageOfPage\":{\"@id\":\"https:\/\/apoderma.com\/inicio\/2021\/10\/20\/la-piel-de-la-persona-adulta-mayor\/#primaryimage\"},\"image\":{\"@id\":\"https:\/\/apoderma.com\/inicio\/2021\/10\/20\/la-piel-de-la-persona-adulta-mayor\/#primaryimage\"},\"thumbnailUrl\":\"https:\/\/apoderma.com\/inicio\/wp-content\/uploads\/2021\/10\/Adulto-mayor.jpg\",\"datePublished\":\"2021-10-20T21:38:24+00:00\",\"author\":{\"@id\":\"https:\/\/apoderma.com\/inicio\/#\/schema\/person\/231395f2a875f388aa375500bf3a2ca9\"},\"description\":\"Caracter\u00edsticas de la piel de la persona adulta mayor y consejos para su cuidado. Blog de consejos para el cuidado de la piel. ApoDerma Store.\",\"breadcrumb\":{\"@id\":\"https:\/\/apoderma.com\/inicio\/2021\/10\/20\/la-piel-de-la-persona-adulta-mayor\/#breadcrumb\"},\"inLanguage\":\"es\",\"potentialAction\":[{\"@type\":\"ReadAction\",\"target\":[\"https:\/\/apoderma.com\/inicio\/2021\/10\/20\/la-piel-de-la-persona-adulta-mayor\/\"]}]},{\"@type\":\"ImageObject\",\"inLanguage\":\"es\",\"@id\":\"https:\/\/apoderma.com\/inicio\/2021\/10\/20\/la-piel-de-la-persona-adulta-mayor\/#primaryimage\",\"url\":\"https:\/\/apoderma.com\/inicio\/wp-content\/uploads\/2021\/10\/Adulto-mayor.jpg\",\"contentUrl\":\"https:\/\/apoderma.com\/inicio\/wp-content\/uploads\/2021\/10\/Adulto-mayor.jpg\",\"width\":712,\"height\":400,\"caption\":\"Adulto mayor\"},{\"@type\":\"BreadcrumbList\",\"@id\":\"https:\/\/apoderma.com\/inicio\/2021\/10\/20\/la-piel-de-la-persona-adulta-mayor\/#breadcrumb\",\"itemListElement\":[{\"@type\":\"ListItem\",\"position\":1,\"name\":\"Portada\",\"item\":\"https:\/\/apoderma.com\/inicio\/\"},{\"@type\":\"ListItem\",\"position\":2,\"name\":\"La piel de la persona adulta mayor\"}]},{\"@type\":\"WebSite\",\"@id\":\"https:\/\/apoderma.com\/inicio\/#website\",\"url\":\"https:\/\/apoderma.com\/inicio\/\",\"name\":\"Apo Derma Store\",\"description\":\"Venta de productos cosm\u00e9ticos\",\"potentialAction\":[{\"@type\":\"SearchAction\",\"target\":{\"@type\":\"EntryPoint\",\"urlTemplate\":\"https:\/\/apoderma.com\/inicio\/?s={search_term_string}\"},\"query-input\":{\"@type\":\"PropertyValueSpecification\",\"valueRequired\":true,\"valueName\":\"search_term_string\"}}],\"inLanguage\":\"es\"},{\"@type\":\"Person\",\"@id\":\"https:\/\/apoderma.com\/inicio\/#\/schema\/person\/231395f2a875f388aa375500bf3a2ca9\",\"name\":\"Cristina Prado Chinchilla\",\"image\":{\"@type\":\"ImageObject\",\"inLanguage\":\"es\",\"@id\":\"https:\/\/apoderma.com\/inicio\/#\/schema\/person\/image\/\",\"url\":\"https:\/\/secure.gravatar.com\/avatar\/ca39c36795aabda6606ba9598a72a06c70889db65f5489c85dd3e044d62db85e?s=96&d=mm&r=g\",\"contentUrl\":\"https:\/\/secure.gravatar.com\/avatar\/ca39c36795aabda6606ba9598a72a06c70889db65f5489c85dd3e044d62db85e?s=96&d=mm&r=g\",\"caption\":\"Cristina Prado Chinchilla\"},\"url\":\"https:\/\/apoderma.com\/inicio\/author\/cprado\/\"}]}<\/script>\n<!-- \/ Yoast SEO plugin. -->","yoast_head_json":{"title":"La piel de la persona adulta mayor - Apo Derma Store","description":"Caracter\u00edsticas de la piel de la persona adulta mayor y consejos para su cuidado. Blog de consejos para el cuidado de la piel. ApoDerma Store.","robots":{"index":"index","follow":"follow","max-snippet":"max-snippet:-1","max-image-preview":"max-image-preview:large","max-video-preview":"max-video-preview:-1"},"canonical":"https:\/\/apoderma.com\/inicio\/2021\/10\/20\/la-piel-de-la-persona-adulta-mayor\/","og_locale":"es_ES","og_type":"article","og_title":"La piel de la persona adulta mayor - Apo Derma Store","og_description":"Caracter\u00edsticas de la piel de la persona adulta mayor y consejos para su cuidado. Blog de consejos para el cuidado de la piel. ApoDerma Store.","og_url":"https:\/\/apoderma.com\/inicio\/2021\/10\/20\/la-piel-de-la-persona-adulta-mayor\/","og_site_name":"Apo Derma Store","article_published_time":"2021-10-20T21:38:24+00:00","og_image":[{"width":712,"height":400,"url":"https:\/\/apoderma.com\/inicio\/wp-content\/uploads\/2021\/10\/Adulto-mayor.jpg","type":"image\/jpeg"}],"author":"Cristina Prado Chinchilla","twitter_card":"summary_large_image","twitter_misc":{"Escrito por":"Cristina Prado Chinchilla","Tiempo de lectura":"4 minutos"},"schema":{"@context":"https:\/\/schema.org","@graph":[{"@type":"WebPage","@id":"https:\/\/apoderma.com\/inicio\/2021\/10\/20\/la-piel-de-la-persona-adulta-mayor\/","url":"https:\/\/apoderma.com\/inicio\/2021\/10\/20\/la-piel-de-la-persona-adulta-mayor\/","name":"La piel de la persona adulta mayor - Apo Derma Store","isPartOf":{"@id":"https:\/\/apoderma.com\/inicio\/#website"},"primaryImageOfPage":{"@id":"https:\/\/apoderma.com\/inicio\/2021\/10\/20\/la-piel-de-la-persona-adulta-mayor\/#primaryimage"},"image":{"@id":"https:\/\/apoderma.com\/inicio\/2021\/10\/20\/la-piel-de-la-persona-adulta-mayor\/#primaryimage"},"thumbnailUrl":"https:\/\/apoderma.com\/inicio\/wp-content\/uploads\/2021\/10\/Adulto-mayor.jpg","datePublished":"2021-10-20T21:38:24+00:00","author":{"@id":"https:\/\/apoderma.com\/inicio\/#\/schema\/person\/231395f2a875f388aa375500bf3a2ca9"},"description":"Caracter\u00edsticas de la piel de la persona adulta mayor y consejos para su cuidado. Blog de consejos para el cuidado de la piel. ApoDerma Store.","breadcrumb":{"@id":"https:\/\/apoderma.com\/inicio\/2021\/10\/20\/la-piel-de-la-persona-adulta-mayor\/#breadcrumb"},"inLanguage":"es","potentialAction":[{"@type":"ReadAction","target":["https:\/\/apoderma.com\/inicio\/2021\/10\/20\/la-piel-de-la-persona-adulta-mayor\/"]}]},{"@type":"ImageObject","inLanguage":"es","@id":"https:\/\/apoderma.com\/inicio\/2021\/10\/20\/la-piel-de-la-persona-adulta-mayor\/#primaryimage","url":"https:\/\/apoderma.com\/inicio\/wp-content\/uploads\/2021\/10\/Adulto-mayor.jpg","contentUrl":"https:\/\/apoderma.com\/inicio\/wp-content\/uploads\/2021\/10\/Adulto-mayor.jpg","width":712,"height":400,"caption":"Adulto mayor"},{"@type":"BreadcrumbList","@id":"https:\/\/apoderma.com\/inicio\/2021\/10\/20\/la-piel-de-la-persona-adulta-mayor\/#breadcrumb","itemListElement":[{"@type":"ListItem","position":1,"name":"Portada","item":"https:\/\/apoderma.com\/inicio\/"},{"@type":"ListItem","position":2,"name":"La piel de la persona adulta mayor"}]},{"@type":"WebSite","@id":"https:\/\/apoderma.com\/inicio\/#website","url":"https:\/\/apoderma.com\/inicio\/","name":"Apo Derma Store","description":"Venta de productos cosm\u00e9ticos","potentialAction":[{"@type":"SearchAction","target":{"@type":"EntryPoint","urlTemplate":"https:\/\/apoderma.com\/inicio\/?s={search_term_string}"},"query-input":{"@type":"PropertyValueSpecification","valueRequired":true,"valueName":"search_term_string"}}],"inLanguage":"es"},{"@type":"Person","@id":"https:\/\/apoderma.com\/inicio\/#\/schema\/person\/231395f2a875f388aa375500bf3a2ca9","name":"Cristina Prado Chinchilla","image":{"@type":"ImageObject","inLanguage":"es","@id":"https:\/\/apoderma.com\/inicio\/#\/schema\/person\/image\/","url":"https:\/\/secure.gravatar.com\/avatar\/ca39c36795aabda6606ba9598a72a06c70889db65f5489c85dd3e044d62db85e?s=96&d=mm&r=g","contentUrl":"https:\/\/secure.gravatar.com\/avatar\/ca39c36795aabda6606ba9598a72a06c70889db65f5489c85dd3e044d62db85e?s=96&d=mm&r=g","caption":"Cristina Prado Chinchilla"},"url":"https:\/\/apoderma.com\/inicio\/author\/cprado\/"}]}},"_links":{"self":[{"href":"https:\/\/apoderma.com\/inicio\/wp-json\/wp\/v2\/posts\/36193","targetHints":{"allow":["GET"]}}],"collection":[{"href":"https:\/\/apoderma.com\/inicio\/wp-json\/wp\/v2\/posts"}],"about":[{"href":"https:\/\/apoderma.com\/inicio\/wp-json\/wp\/v2\/types\/post"}],"author":[{"embeddable":true,"href":"https:\/\/apoderma.com\/inicio\/wp-json\/wp\/v2\/users\/12"}],"replies":[{"embeddable":true,"href":"https:\/\/apoderma.com\/inicio\/wp-json\/wp\/v2\/comments?post=36193"}],"version-history":[{"count":0,"href":"https:\/\/apoderma.com\/inicio\/wp-json\/wp\/v2\/posts\/36193\/revisions"}],"wp:featuredmedia":[{"embeddable":true,"href":"https:\/\/apoderma.com\/inicio\/wp-json\/wp\/v2\/media\/36194"}],"wp:attachment":[{"href":"https:\/\/apoderma.com\/inicio\/wp-json\/wp\/v2\/media?parent=36193"}],"wp:term":[{"taxonomy":"category","embeddable":true,"href":"https:\/\/apoderma.com\/inicio\/wp-json\/wp\/v2\/categories?post=36193"},{"taxonomy":"post_tag","embeddable":true,"href":"https:\/\/apoderma.com\/inicio\/wp-json\/wp\/v2\/tags?post=36193"}],"curies":[{"name":"wp","href":"https:\/\/api.w.org\/{rel}","templated":true}]}}