{"id":34276,"date":"2021-09-01T21:03:48","date_gmt":"2021-09-02T03:03:48","guid":{"rendered":"https:\/\/apoderma.com\/inicio\/?p=34276"},"modified":"2021-10-06T16:53:03","modified_gmt":"2021-10-06T22:53:03","slug":"envases-para-productos-dermocosmeticos","status":"publish","type":"post","link":"https:\/\/apoderma.com\/inicio\/2021\/09\/01\/envases-para-productos-dermocosmeticos\/","title":{"rendered":"Envases para productos dermocosm\u00e9ticos"},"content":{"rendered":"<div class=\"wpb-content-wrapper\"><p>[vc_row][vc_column][vc_column_text]<\/p>\n<div class=\"\" data-block=\"true\" data-editor=\"1k0am\" data-offset-key=\"f1e3o-0-0\">\n<div class=\"_1mf _1mj\" data-offset-key=\"f1e3o-0-0\"><span data-offset-key=\"f1e3o-0-0\">La selecci\u00f3n de los envases para productos dermocosm\u00e9ticos es un elemento fundamental durante la etapa de su dise\u00f1o. Inclusive <\/span><span data-offset-key=\"f1e3o-0-0\">puede ser determinante para la decisi\u00f3n de compra de un producto por parte del consumidor.<\/span><\/div>\n<div data-offset-key=\"f1e3o-0-0\"><\/div>\n<\/div>\n<div data-offset-key=\"f1e3o-0-0\">\u00bfEs s\u00f3lo un tema de imagen del producto? \u00bfC\u00f3mo es seleccionado el tipo y el material del recipiente que contendr\u00e1 un nuevo dise\u00f1o en Dermocosm\u00e9tica?<\/div>\n<div data-offset-key=\"f1e3o-0-0\"><\/div>\n<div data-offset-key=\"f1e3o-0-0\">Estos y otros detalles los resumimos en esta nota.<\/div>\n<h3 data-offset-key=\"f1e3o-0-0\">\u00bfQu\u00e9 es el sistema envase-cierre?<\/h3>\n<p>Se conoce con este t\u00e9rmino al conjunto del recipiente que contiene el producto, como puede ser un envase tipo botella y su tapa. A este sistema tambi\u00e9n se lo conoce como <strong>Empaque primario <\/strong>por ser el que est\u00e1 en contacto directo con el producto propiamente.<\/p>\n<p>Algunos productos s\u00f3lo tienen un empaque primario, otros adem\u00e1s contienen un segundo empaque (<strong>Empaque<\/strong> <strong>secundario<\/strong>) como puede ser una caja o estuche de papel en el que se encuentra el empaque primario.<\/p>\n<h3>\u00bfC\u00f3mo se selecciona el sistema de envase-cierre para un producto?<\/h3>\n<p>Durante la etapa de dise\u00f1o del producto se consideran los siguientes criterios:<\/p>\n<h4>1. Imagen<\/h4>\n<p>El empaque es parte de la personalidad del producto y la marca.<\/p>\n<p>Un ejemplo claro de la importancia de este aspecto es la industria de la perfumer\u00eda, donde la mayor\u00eda de las marcas cuentan con dise\u00f1os exclusivos para sus empaques primarios.<\/p>\n<h4>2. Protecci\u00f3n al producto<\/h4>\n<p>El sistema de envase-cierre debe ser capaz de proteger al producto del efecto de la humedad, la temperatura ambiental y cualquier otro agente externo. Por lo que debe ser impermeable al ambiente.<\/p>\n<p>As\u00ed mismo, no debe permitir la migraci\u00f3n del producto o fuga del mismo hacia el exterior.<\/p>\n<p>Para asegurar lo anterior, en la etapa de dise\u00f1o se realizan pruebas con diferentes tipos de materiales como pl\u00e1stico de diferentes composiciones, vidrio,\u00a0 metal, entre otros.<\/p>\n<p>Durante el per\u00edodo de pruebas se eval\u00faa la capacidad del envase y material de mantener el producto sin alteraciones qu\u00edmicas, f\u00edsicas y microbiol\u00f3gicas.<\/p>\n<p>Esto es parte de los estudios de estabilidad y funcionalidad para la aprobaci\u00f3n de un nuevo dise\u00f1o.<\/p>\n<h4>3. Aplicaci\u00f3n del producto:<\/h4>\n<p>El sistema de envase debe permitirle al usuario su aplicaci\u00f3n de una manera f\u00e1cil.<\/p>\n<p>Para cumplir este prop\u00f3sito se debe considerar tambi\u00e9n la consistencia y forma f\u00edsica del producto. Por ejemplo, un Serum facial de consistencia fluida es m\u00e1s f\u00e1cil de aplicar si tiene un dosificador del tipo cuenta gotas.<\/p>\n<h4><span class=\"text_exposed_show\">4.Costo:<\/span><\/h4>\n<p><span class=\"text_exposed_show\">Debe existir una proporcionalidad entre la funcionalidad y el costo del envase, principalmente se debe evaluar si la selecci\u00f3n del envase significa un valor real para el usuario.<\/span><\/p>\n<h3>\u00bfSon todos los envases iguales?<\/h3>\n<div class=\"\" data-block=\"true\" data-editor=\"1k0am\" data-offset-key=\"3et93-0-0\">\n<div class=\"_1mf _1mj\" data-offset-key=\"3et93-0-0\"><span data-offset-key=\"f7rhs-0-0\">Como ya mencionamos, la selecci\u00f3n de envase tanto en su forma como en el tipo de material inciden directamente en su calidad y seguridad.<\/span><\/div>\n<\/div>\n<div class=\"\" data-block=\"true\" data-editor=\"1k0am\" data-offset-key=\"blgug-0-0\">\n<div class=\"_1mf _1mj\" data-offset-key=\"blgug-0-0\"><span data-offset-key=\"blgug-0-0\">\u00a0<\/span><\/div>\n<\/div>\n<div class=\"\" data-block=\"true\" data-editor=\"1k0am\" data-offset-key=\"4qesg-0-0\">\n<div class=\"_1mf _1mj\" data-offset-key=\"4qesg-0-0\">Debemos recordar que todo cosm\u00e9tico, a\u00fan los certificados como naturales, son una mezcla de sustancias qu\u00edmicas que eventualmente podr\u00edan interactuar o reaccionar con el material de empaque primario. Por lo que un envase es espec\u00edfico para cada producto.<\/div>\n<\/div>\n<h3 data-offset-key=\"7dfpv-0-0\">\u00bfCu\u00e1les son las nuevas tendencias de la industria?<\/h3>\n<p>La mayor\u00eda de los mercados han armonizado las normas para el dise\u00f1o y fabricaci\u00f3n de productos, por lo que las pruebas de estabilidad y funcionalidad son ya un requisito para muchos pa\u00edses.<\/p>\n<p>Para algunos mercados tan importante es asegurar la funcionalidad del envase como probar las pr\u00e1cticas de sostenibilidad.<\/p>\n<p>Por esta raz\u00f3n, la exigencia de materiales reciclables, biodegradables y de fuentes renovables es una tendencia en mercados con consumidores ambientalmente responsables.<\/p>\n<p>Algunas marcas ofrecen la opci\u00f3n de repuesto de parte del envase, alineado tambi\u00e9n a minimizar el impacto ambiental.<\/p>\n<p>El vidrio ha sido por excelencia el material que mejor cumple los requisitos de calidad y seguridad para productos dermocosm\u00e9ticos. En los \u00faltimos a\u00f1os del siglo XX el auge del pl\u00e1stico hizo que ese material fuera desplazado, pero recientemente est\u00e1 tomando de nuevo protagonismo.<\/p>\n<p>Los sistemas de dosificaci\u00f3n denominados \u00abAirless\u00bb son una tendencia para preparaciones faciales fluidas con activos sensibles al ox\u00edgeno.<\/p>\n<p>Los envases color \u00e1mbar tanto en formato ampolla como en botella est\u00e1n siendo utilizados para activos sensibles a la luz, tambi\u00e9n le confiere una imagen al producto que nos recuerda un medicamento por lo que tambi\u00e9n puede existir un componente de Neuromarketing en algunos casos.<\/p>\n<h3 data-offset-key=\"7dfpv-0-0\">Recomendaci\u00f3n final al consumidor:<\/h3>\n<p>Durante la etapa de pruebas de dise\u00f1o se determina el material que mejor mantiene el producto cosm\u00e9tico, por\u00a0 lo que recomendamos no de trasvasar o dividir el producto en recipientes gen\u00e9ricos que no sean de las mismas caracter\u00edsticas del original.<\/p>\n<p>Recordemos que el fabricante asegura la efectividad y seguridad del producto en su empaque original, as\u00ed como al utilizarlo tal y como se indica en su etiquetado.<\/p>\n<p>Si tienes alguna consulta sobre este tema, env\u00edame un mensaje a <a href=\"mailto:consultas@apoderma.com\">consultas@apoderma.com<\/a> que ser\u00e1 un gusto contestarte.<\/p>\n<p>Puedes compartir esta nota si consideras que puede ser de utilidad para alguien m\u00e1s.<\/p>\n<p>Dra. Cristina Prado<\/p>\n<p>Licenciada en Farmacia<\/p>\n<p>M\u00e1ster en Dermocosm\u00e9tica<\/p>\n<h4 data-offset-key=\"7dfpv-0-0\">Referencias:<\/h4>\n<div data-offset-key=\"7dfpv-0-0\"><span lang=\"ES-TRAD\"><a href=\"http:\/\/www.pgrweb.go.cr\/scij\/Busqueda\/Normativa\/Normas\/nrm_texto_completo.aspx?param1=NRTC&amp;nValor1=1&amp;nValor2=64869&amp;nValor3=75501&amp;param2=1&amp;strTipM=TC&amp;lResultado=4&amp;strSim=simp\">RTCA 71.03.49:08<\/a>: Buenas pr\u00e1cticas de manufactura para los laboratorios fabricantes de productos cosm\u00e9ticos<\/span><\/div>\n<div data-offset-key=\"7dfpv-0-0\"><\/div>\n<p>[\/vc_column_text]<div id=\"la_divider69f05fdc3b156\" class=\"js-el la-divider la-unit-responsive\" data-la_component=\"UnitResponsive\"  data-el_target='#la_divider69f05fdc3b156'  data-el_media_sizes='{&quot;padding-top&quot;:&quot;lg:22px;&quot;}' ><\/div>\n[\/vc_column][\/vc_row]<\/p>\n<\/div>","protected":false},"excerpt":{"rendered":"<p>[vc_row][vc_column][vc_column_text] La selecci\u00f3n de los envases para productos dermocosm\u00e9ticos es un elemento fundamental durante la&hellip;<\/p>\n","protected":false},"author":12,"featured_media":0,"comment_status":"open","ping_status":"open","sticky":false,"template":"","format":"standard","meta":{"_glsr_average":0,"_glsr_ranking":0,"_glsr_reviews":0,"footnotes":""},"categories":[249],"tags":[223,230,259],"class_list":["post-34276","post","type-post","status-publish","format-standard","hentry","category-tendencias-de-la-industria","tag-dermocosmetica","tag-envases","tag-tendencias"],"yoast_head":"<!-- This site is optimized with the Yoast SEO plugin v25.3.1 - https:\/\/yoast.com\/wordpress\/plugins\/seo\/ -->\n<title>Envases para productos dermocosm\u00e9ticos - Apo Derma Store<\/title>\n<meta name=\"description\" content=\"Envases para productos dermocosm\u00e9ticos y criterios de selecci\u00f3n. Suscr\u00edbete a nuestro Blog de ApoDerma Store para no perderte de tendencias de la industria.\" \/>\n<meta name=\"robots\" content=\"index, follow, max-snippet:-1, max-image-preview:large, max-video-preview:-1\" \/>\n<link rel=\"canonical\" href=\"https:\/\/apoderma.com\/inicio\/2021\/09\/01\/envases-para-productos-dermocosmeticos\/\" \/>\n<meta property=\"og:locale\" content=\"es_ES\" \/>\n<meta property=\"og:type\" content=\"article\" \/>\n<meta property=\"og:title\" content=\"Envases para productos dermocosm\u00e9ticos - Apo Derma Store\" \/>\n<meta property=\"og:description\" content=\"Envases para productos dermocosm\u00e9ticos y criterios de selecci\u00f3n. Suscr\u00edbete a nuestro Blog de ApoDerma Store para no perderte de tendencias de la industria.\" \/>\n<meta property=\"og:url\" content=\"https:\/\/apoderma.com\/inicio\/2021\/09\/01\/envases-para-productos-dermocosmeticos\/\" \/>\n<meta property=\"og:site_name\" content=\"Apo Derma Store\" \/>\n<meta property=\"article:published_time\" content=\"2021-09-02T03:03:48+00:00\" \/>\n<meta property=\"article:modified_time\" content=\"2021-10-06T22:53:03+00:00\" \/>\n<meta property=\"og:image\" content=\"https:\/\/apoderma.com\/inicio\/wp-content\/uploads\/2021\/09\/Envases-5.jpg\" \/>\n\t<meta property=\"og:image:width\" content=\"712\" \/>\n\t<meta property=\"og:image:height\" content=\"400\" \/>\n\t<meta property=\"og:image:type\" content=\"image\/jpeg\" \/>\n<meta name=\"author\" content=\"Cristina Prado Chinchilla\" \/>\n<meta name=\"twitter:card\" content=\"summary_large_image\" \/>\n<meta name=\"twitter:label1\" content=\"Escrito por\" \/>\n\t<meta name=\"twitter:data1\" content=\"Cristina Prado Chinchilla\" \/>\n\t<meta name=\"twitter:label2\" content=\"Tiempo de lectura\" \/>\n\t<meta name=\"twitter:data2\" content=\"5 minutos\" \/>\n<script type=\"application\/ld+json\" class=\"yoast-schema-graph\">{\"@context\":\"https:\/\/schema.org\",\"@graph\":[{\"@type\":\"WebPage\",\"@id\":\"https:\/\/apoderma.com\/inicio\/2021\/09\/01\/envases-para-productos-dermocosmeticos\/\",\"url\":\"https:\/\/apoderma.com\/inicio\/2021\/09\/01\/envases-para-productos-dermocosmeticos\/\",\"name\":\"Envases para productos dermocosm\u00e9ticos - Apo Derma Store\",\"isPartOf\":{\"@id\":\"https:\/\/apoderma.com\/inicio\/#website\"},\"datePublished\":\"2021-09-02T03:03:48+00:00\",\"dateModified\":\"2021-10-06T22:53:03+00:00\",\"author\":{\"@id\":\"https:\/\/apoderma.com\/inicio\/#\/schema\/person\/231395f2a875f388aa375500bf3a2ca9\"},\"description\":\"Envases para productos dermocosm\u00e9ticos y criterios de selecci\u00f3n. Suscr\u00edbete a nuestro Blog de ApoDerma Store para no perderte de tendencias de la industria.\",\"breadcrumb\":{\"@id\":\"https:\/\/apoderma.com\/inicio\/2021\/09\/01\/envases-para-productos-dermocosmeticos\/#breadcrumb\"},\"inLanguage\":\"es\",\"potentialAction\":[{\"@type\":\"ReadAction\",\"target\":[\"https:\/\/apoderma.com\/inicio\/2021\/09\/01\/envases-para-productos-dermocosmeticos\/\"]}]},{\"@type\":\"BreadcrumbList\",\"@id\":\"https:\/\/apoderma.com\/inicio\/2021\/09\/01\/envases-para-productos-dermocosmeticos\/#breadcrumb\",\"itemListElement\":[{\"@type\":\"ListItem\",\"position\":1,\"name\":\"Portada\",\"item\":\"https:\/\/apoderma.com\/inicio\/\"},{\"@type\":\"ListItem\",\"position\":2,\"name\":\"Envases para productos dermocosm\u00e9ticos\"}]},{\"@type\":\"WebSite\",\"@id\":\"https:\/\/apoderma.com\/inicio\/#website\",\"url\":\"https:\/\/apoderma.com\/inicio\/\",\"name\":\"Apo Derma Store\",\"description\":\"Venta de productos cosm\u00e9ticos\",\"potentialAction\":[{\"@type\":\"SearchAction\",\"target\":{\"@type\":\"EntryPoint\",\"urlTemplate\":\"https:\/\/apoderma.com\/inicio\/?s={search_term_string}\"},\"query-input\":{\"@type\":\"PropertyValueSpecification\",\"valueRequired\":true,\"valueName\":\"search_term_string\"}}],\"inLanguage\":\"es\"},{\"@type\":\"Person\",\"@id\":\"https:\/\/apoderma.com\/inicio\/#\/schema\/person\/231395f2a875f388aa375500bf3a2ca9\",\"name\":\"Cristina Prado Chinchilla\",\"image\":{\"@type\":\"ImageObject\",\"inLanguage\":\"es\",\"@id\":\"https:\/\/apoderma.com\/inicio\/#\/schema\/person\/image\/\",\"url\":\"https:\/\/secure.gravatar.com\/avatar\/ca39c36795aabda6606ba9598a72a06c70889db65f5489c85dd3e044d62db85e?s=96&d=mm&r=g\",\"contentUrl\":\"https:\/\/secure.gravatar.com\/avatar\/ca39c36795aabda6606ba9598a72a06c70889db65f5489c85dd3e044d62db85e?s=96&d=mm&r=g\",\"caption\":\"Cristina Prado Chinchilla\"},\"url\":\"https:\/\/apoderma.com\/inicio\/author\/cprado\/\"}]}<\/script>\n<!-- \/ Yoast SEO plugin. -->","yoast_head_json":{"title":"Envases para productos dermocosm\u00e9ticos - Apo Derma Store","description":"Envases para productos dermocosm\u00e9ticos y criterios de selecci\u00f3n. Suscr\u00edbete a nuestro Blog de ApoDerma Store para no perderte de tendencias de la industria.","robots":{"index":"index","follow":"follow","max-snippet":"max-snippet:-1","max-image-preview":"max-image-preview:large","max-video-preview":"max-video-preview:-1"},"canonical":"https:\/\/apoderma.com\/inicio\/2021\/09\/01\/envases-para-productos-dermocosmeticos\/","og_locale":"es_ES","og_type":"article","og_title":"Envases para productos dermocosm\u00e9ticos - Apo Derma Store","og_description":"Envases para productos dermocosm\u00e9ticos y criterios de selecci\u00f3n. Suscr\u00edbete a nuestro Blog de ApoDerma Store para no perderte de tendencias de la industria.","og_url":"https:\/\/apoderma.com\/inicio\/2021\/09\/01\/envases-para-productos-dermocosmeticos\/","og_site_name":"Apo Derma Store","article_published_time":"2021-09-02T03:03:48+00:00","article_modified_time":"2021-10-06T22:53:03+00:00","og_image":[{"width":712,"height":400,"url":"https:\/\/apoderma.com\/inicio\/wp-content\/uploads\/2021\/09\/Envases-5.jpg","type":"image\/jpeg"}],"author":"Cristina Prado Chinchilla","twitter_card":"summary_large_image","twitter_misc":{"Escrito por":"Cristina Prado Chinchilla","Tiempo de lectura":"5 minutos"},"schema":{"@context":"https:\/\/schema.org","@graph":[{"@type":"WebPage","@id":"https:\/\/apoderma.com\/inicio\/2021\/09\/01\/envases-para-productos-dermocosmeticos\/","url":"https:\/\/apoderma.com\/inicio\/2021\/09\/01\/envases-para-productos-dermocosmeticos\/","name":"Envases para productos dermocosm\u00e9ticos - Apo Derma Store","isPartOf":{"@id":"https:\/\/apoderma.com\/inicio\/#website"},"datePublished":"2021-09-02T03:03:48+00:00","dateModified":"2021-10-06T22:53:03+00:00","author":{"@id":"https:\/\/apoderma.com\/inicio\/#\/schema\/person\/231395f2a875f388aa375500bf3a2ca9"},"description":"Envases para productos dermocosm\u00e9ticos y criterios de selecci\u00f3n. Suscr\u00edbete a nuestro Blog de ApoDerma Store para no perderte de tendencias de la industria.","breadcrumb":{"@id":"https:\/\/apoderma.com\/inicio\/2021\/09\/01\/envases-para-productos-dermocosmeticos\/#breadcrumb"},"inLanguage":"es","potentialAction":[{"@type":"ReadAction","target":["https:\/\/apoderma.com\/inicio\/2021\/09\/01\/envases-para-productos-dermocosmeticos\/"]}]},{"@type":"BreadcrumbList","@id":"https:\/\/apoderma.com\/inicio\/2021\/09\/01\/envases-para-productos-dermocosmeticos\/#breadcrumb","itemListElement":[{"@type":"ListItem","position":1,"name":"Portada","item":"https:\/\/apoderma.com\/inicio\/"},{"@type":"ListItem","position":2,"name":"Envases para productos dermocosm\u00e9ticos"}]},{"@type":"WebSite","@id":"https:\/\/apoderma.com\/inicio\/#website","url":"https:\/\/apoderma.com\/inicio\/","name":"Apo Derma Store","description":"Venta de productos cosm\u00e9ticos","potentialAction":[{"@type":"SearchAction","target":{"@type":"EntryPoint","urlTemplate":"https:\/\/apoderma.com\/inicio\/?s={search_term_string}"},"query-input":{"@type":"PropertyValueSpecification","valueRequired":true,"valueName":"search_term_string"}}],"inLanguage":"es"},{"@type":"Person","@id":"https:\/\/apoderma.com\/inicio\/#\/schema\/person\/231395f2a875f388aa375500bf3a2ca9","name":"Cristina Prado Chinchilla","image":{"@type":"ImageObject","inLanguage":"es","@id":"https:\/\/apoderma.com\/inicio\/#\/schema\/person\/image\/","url":"https:\/\/secure.gravatar.com\/avatar\/ca39c36795aabda6606ba9598a72a06c70889db65f5489c85dd3e044d62db85e?s=96&d=mm&r=g","contentUrl":"https:\/\/secure.gravatar.com\/avatar\/ca39c36795aabda6606ba9598a72a06c70889db65f5489c85dd3e044d62db85e?s=96&d=mm&r=g","caption":"Cristina Prado Chinchilla"},"url":"https:\/\/apoderma.com\/inicio\/author\/cprado\/"}]}},"_links":{"self":[{"href":"https:\/\/apoderma.com\/inicio\/wp-json\/wp\/v2\/posts\/34276","targetHints":{"allow":["GET"]}}],"collection":[{"href":"https:\/\/apoderma.com\/inicio\/wp-json\/wp\/v2\/posts"}],"about":[{"href":"https:\/\/apoderma.com\/inicio\/wp-json\/wp\/v2\/types\/post"}],"author":[{"embeddable":true,"href":"https:\/\/apoderma.com\/inicio\/wp-json\/wp\/v2\/users\/12"}],"replies":[{"embeddable":true,"href":"https:\/\/apoderma.com\/inicio\/wp-json\/wp\/v2\/comments?post=34276"}],"version-history":[{"count":0,"href":"https:\/\/apoderma.com\/inicio\/wp-json\/wp\/v2\/posts\/34276\/revisions"}],"wp:attachment":[{"href":"https:\/\/apoderma.com\/inicio\/wp-json\/wp\/v2\/media?parent=34276"}],"wp:term":[{"taxonomy":"category","embeddable":true,"href":"https:\/\/apoderma.com\/inicio\/wp-json\/wp\/v2\/categories?post=34276"},{"taxonomy":"post_tag","embeddable":true,"href":"https:\/\/apoderma.com\/inicio\/wp-json\/wp\/v2\/tags?post=34276"}],"curies":[{"name":"wp","href":"https:\/\/api.w.org\/{rel}","templated":true}]}}